{"id":115204,"date":"2023-02-15T15:57:05","date_gmt":"2023-02-15T20:57:05","guid":{"rendered":"http:\/\/elcuartopoder.com.mx\/nw\/?p=115204"},"modified":"2023-02-15T15:57:07","modified_gmt":"2023-02-15T20:57:07","slug":"arranca-carnaval-de-fantasia-para-todas-y-todos-los-solidarenses","status":"publish","type":"post","link":"http:\/\/elcuartopoder.com.mx\/nw\/municipales\/arranca-carnaval-de-fantasia-para-todas-y-todos-los-solidarenses\/","title":{"rendered":"Arranca Carnaval de Fantas\u00eda para todas y todos los solidarenses"},"content":{"rendered":"\n<p class=\"wp-block-paragraph\">Ante habitantes y visitantes, la presidenta Lili Campos inaugur\u00f3 el \u201cCarnaval Playa del Carmen 2023\u201d, un carnaval de fantas\u00eda, con derroche de alegr\u00eda y diversi\u00f3n con la participaci\u00f3n de los reyes, reinas y sus comparsas. Para cerrar la noche con el concierto del invitado especial, Mario Bautista.<\/p>\n\n\n\n<p class=\"wp-block-paragraph\">Durante la presentaci\u00f3n, Lili Campos asegur\u00f3 que \u00abrenovando con alegr\u00eda, tendremos ocho d\u00edas de fiesta, conciertos, bailes y tres paseos de las comparsas desde la avenida 34 sobre toda la 5ta Avenida, hasta la Ju\u00e1rez y de aqu\u00ed hasta la plaza c\u00edvica 28 de Julio.<\/p>\n\n\n\n<p class=\"wp-block-paragraph\">\u201cEs un carnaval sin alcohol, de los solidarenses para los solidarenses\u201d dijo la Presidenta Municipal.<\/p>\n\n\n\n<p class=\"wp-block-paragraph\">La primera noche del carnaval fue amenizada por los reyes y reinas Cristel Le\u00f3n Alipi, la reina de la Colosio y su comparsa \u201cLos Invasores\u201d, los reyes juveniles electos; Angel Tinal y Miledy Concepci\u00f3n, cerrando la noche con la presentaci\u00f3n del joven cantante Mario Bautista.<\/p>\n\n\n\n<p class=\"wp-block-paragraph\">En estas fiestas carnestolendas participan 14 comparsas, con un total de 385 integrantes, en las categor\u00edas: juvenil y libre, participando en los paseos los d\u00edas s\u00e1bado, domingo y martes a partir de las 18 horas. La coronaci\u00f3n de los Reyes y Reinas electos ser\u00e1 la noche del jueves a las 22 horas.<\/p>\n\n\n\n<figure class=\"wp-block-gallery has-nested-images columns-default is-cropped wp-block-gallery-1 is-layout-flex wp-block-gallery-is-layout-flex\">\n<figure class=\"wp-block-image size-large\"><img loading=\"lazy\" decoding=\"async\" width=\"1024\" height=\"682\" data-id=\"115205\" src=\"http:\/\/elcuartopoder.com.mx\/nw\/wp-content\/uploads\/2023\/02\/1-3-1024x682.jpg\" alt=\"\" class=\"wp-image-115205\" srcset=\"http:\/\/elcuartopoder.com.mx\/nw\/wp-content\/uploads\/2023\/02\/1-3-1024x682.jpg 1024w, http:\/\/elcuartopoder.com.mx\/nw\/wp-content\/uploads\/2023\/02\/1-3-300x200.jpg 300w, http:\/\/elcuartopoder.com.mx\/nw\/wp-content\/uploads\/2023\/02\/1-3-768x512.jpg 768w, http:\/\/elcuartopoder.com.mx\/nw\/wp-content\/uploads\/2023\/02\/1-3-696x464.jpg 696w, http:\/\/elcuartopoder.com.mx\/nw\/wp-content\/uploads\/2023\/02\/1-3.jpg 1280w\" sizes=\"auto, (max-width: 1024px) 100vw, 1024px\" \/><\/figure>\n\n\n\n<figure class=\"wp-block-image size-large\"><img loading=\"lazy\" decoding=\"async\" width=\"1024\" height=\"683\" data-id=\"115209\" src=\"http:\/\/elcuartopoder.com.mx\/nw\/wp-content\/uploads\/2023\/02\/2-3-1024x683.jpg\" alt=\"\" class=\"wp-image-115209\" srcset=\"http:\/\/elcuartopoder.com.mx\/nw\/wp-content\/uploads\/2023\/02\/2-3-1024x683.jpg 1024w, http:\/\/elcuartopoder.com.mx\/nw\/wp-content\/uploads\/2023\/02\/2-3-300x200.jpg 300w, http:\/\/elcuartopoder.com.mx\/nw\/wp-content\/uploads\/2023\/02\/2-3-768x512.jpg 768w, http:\/\/elcuartopoder.com.mx\/nw\/wp-content\/uploads\/2023\/02\/2-3-696x464.jpg 696w, http:\/\/elcuartopoder.com.mx\/nw\/wp-content\/uploads\/2023\/02\/2-3.jpg 1280w\" sizes=\"auto, (max-width: 1024px) 100vw, 1024px\" \/><\/figure>\n\n\n\n<figure class=\"wp-block-image size-large\"><img loading=\"lazy\" decoding=\"async\" width=\"1024\" height=\"682\" data-id=\"115207\" src=\"http:\/\/elcuartopoder.com.mx\/nw\/wp-content\/uploads\/2023\/02\/3-2-1024x682.jpg\" alt=\"\" class=\"wp-image-115207\" srcset=\"http:\/\/elcuartopoder.com.mx\/nw\/wp-content\/uploads\/2023\/02\/3-2-1024x682.jpg 1024w, http:\/\/elcuartopoder.com.mx\/nw\/wp-content\/uploads\/2023\/02\/3-2-300x200.jpg 300w, http:\/\/elcuartopoder.com.mx\/nw\/wp-content\/uploads\/2023\/02\/3-2-768x512.jpg 768w, http:\/\/elcuartopoder.com.mx\/nw\/wp-content\/uploads\/2023\/02\/3-2-696x464.jpg 696w, http:\/\/elcuartopoder.com.mx\/nw\/wp-content\/uploads\/2023\/02\/3-2.jpg 1280w\" sizes=\"auto, (max-width: 1024px) 100vw, 1024px\" \/><\/figure>\n\n\n\n<figure class=\"wp-block-image size-large\"><img loading=\"lazy\" decoding=\"async\" width=\"1024\" height=\"682\" data-id=\"115206\" src=\"http:\/\/elcuartopoder.com.mx\/nw\/wp-content\/uploads\/2023\/02\/4-3-1024x682.jpg\" alt=\"\" class=\"wp-image-115206\" srcset=\"http:\/\/elcuartopoder.com.mx\/nw\/wp-content\/uploads\/2023\/02\/4-3-1024x682.jpg 1024w, http:\/\/elcuartopoder.com.mx\/nw\/wp-content\/uploads\/2023\/02\/4-3-300x200.jpg 300w, http:\/\/elcuartopoder.com.mx\/nw\/wp-content\/uploads\/2023\/02\/4-3-768x512.jpg 768w, http:\/\/elcuartopoder.com.mx\/nw\/wp-content\/uploads\/2023\/02\/4-3-696x464.jpg 696w, http:\/\/elcuartopoder.com.mx\/nw\/wp-content\/uploads\/2023\/02\/4-3.jpg 1280w\" sizes=\"auto, (max-width: 1024px) 100vw, 1024px\" \/><\/figure>\n\n\n\n<figure class=\"wp-block-image size-large\"><img loading=\"lazy\" decoding=\"async\" width=\"1024\" height=\"682\" data-id=\"115208\" src=\"http:\/\/elcuartopoder.com.mx\/nw\/wp-content\/uploads\/2023\/02\/5-3-1024x682.jpg\" alt=\"\" class=\"wp-image-115208\" srcset=\"http:\/\/elcuartopoder.com.mx\/nw\/wp-content\/uploads\/2023\/02\/5-3-1024x682.jpg 1024w, http:\/\/elcuartopoder.com.mx\/nw\/wp-content\/uploads\/2023\/02\/5-3-300x200.jpg 300w, http:\/\/elcuartopoder.com.mx\/nw\/wp-content\/uploads\/2023\/02\/5-3-768x512.jpg 768w, http:\/\/elcuartopoder.com.mx\/nw\/wp-content\/uploads\/2023\/02\/5-3-696x464.jpg 696w, http:\/\/elcuartopoder.com.mx\/nw\/wp-content\/uploads\/2023\/02\/5-3.jpg 1280w\" sizes=\"auto, (max-width: 1024px) 100vw, 1024px\" \/><\/figure>\n\n\n\n<figure class=\"wp-block-image size-large\"><img loading=\"lazy\" decoding=\"async\" width=\"1024\" height=\"561\" data-id=\"115210\" src=\"http:\/\/elcuartopoder.com.mx\/nw\/wp-content\/uploads\/2023\/02\/6-2-1024x561.jpg\" alt=\"\" class=\"wp-image-115210\" srcset=\"http:\/\/elcuartopoder.com.mx\/nw\/wp-content\/uploads\/2023\/02\/6-2-1024x561.jpg 1024w, http:\/\/elcuartopoder.com.mx\/nw\/wp-content\/uploads\/2023\/02\/6-2-300x164.jpg 300w, http:\/\/elcuartopoder.com.mx\/nw\/wp-content\/uploads\/2023\/02\/6-2-768x421.jpg 768w, http:\/\/elcuartopoder.com.mx\/nw\/wp-content\/uploads\/2023\/02\/6-2-696x381.jpg 696w, http:\/\/elcuartopoder.com.mx\/nw\/wp-content\/uploads\/2023\/02\/6-2.jpg 1280w\" sizes=\"auto, (max-width: 1024px) 100vw, 1024px\" \/><\/figure>\n\n\n\n<figure class=\"wp-block-image size-large\"><img loading=\"lazy\" decoding=\"async\" width=\"1024\" height=\"682\" data-id=\"115212\" src=\"http:\/\/elcuartopoder.com.mx\/nw\/wp-content\/uploads\/2023\/02\/7-1024x682.jpg\" alt=\"\" class=\"wp-image-115212\" srcset=\"http:\/\/elcuartopoder.com.mx\/nw\/wp-content\/uploads\/2023\/02\/7-1024x682.jpg 1024w, http:\/\/elcuartopoder.com.mx\/nw\/wp-content\/uploads\/2023\/02\/7-300x200.jpg 300w, http:\/\/elcuartopoder.com.mx\/nw\/wp-content\/uploads\/2023\/02\/7-768x512.jpg 768w, http:\/\/elcuartopoder.com.mx\/nw\/wp-content\/uploads\/2023\/02\/7-696x464.jpg 696w, http:\/\/elcuartopoder.com.mx\/nw\/wp-content\/uploads\/2023\/02\/7.jpg 1280w\" sizes=\"auto, (max-width: 1024px) 100vw, 1024px\" \/><\/figure>\n\n\n\n<figure class=\"wp-block-image size-large\"><img loading=\"lazy\" decoding=\"async\" width=\"1024\" height=\"682\" data-id=\"115211\" src=\"http:\/\/elcuartopoder.com.mx\/nw\/wp-content\/uploads\/2023\/02\/8-1024x682.jpg\" alt=\"\" class=\"wp-image-115211\" srcset=\"http:\/\/elcuartopoder.com.mx\/nw\/wp-content\/uploads\/2023\/02\/8-1024x682.jpg 1024w, http:\/\/elcuartopoder.com.mx\/nw\/wp-content\/uploads\/2023\/02\/8-300x200.jpg 300w, http:\/\/elcuartopoder.com.mx\/nw\/wp-content\/uploads\/2023\/02\/8-768x512.jpg 768w, http:\/\/elcuartopoder.com.mx\/nw\/wp-content\/uploads\/2023\/02\/8-696x464.jpg 696w, http:\/\/elcuartopoder.com.mx\/nw\/wp-content\/uploads\/2023\/02\/8.jpg 1280w\" sizes=\"auto, (max-width: 1024px) 100vw, 1024px\" \/><\/figure>\n<\/figure>\n","protected":false},"excerpt":{"rendered":"<p>Ante habitantes y visitantes, la presidenta Lili Campos inaugur\u00f3 el \u201cCarnaval Playa del Carmen 2023\u201d, un carnaval de fantas\u00eda, con derroche de alegr\u00eda y diversi\u00f3n con la participaci\u00f3n de los reyes, reinas y sus comparsas. Para cerrar la noche con el concierto del invitado especial, Mario Bautista. Durante la presentaci\u00f3n, Lili Campos asegur\u00f3 que \u00abrenovando [&hellip;]<\/p>\n","protected":false},"author":2,"featured_media":115207,"comment_status":"open","ping_status":"open","sticky":false,"template":"","format":"standard","meta":{"footnotes":""},"categories":[6],"tags":[],"class_list":["post-115204","post","type-post","status-publish","format-standard","has-post-thumbnail","hentry","category-municipales"],"_links":{"self":[{"href":"http:\/\/elcuartopoder.com.mx\/nw\/wp-json\/wp\/v2\/posts\/115204","targetHints":{"allow":["GET"]}}],"collection":[{"href":"http:\/\/elcuartopoder.com.mx\/nw\/wp-json\/wp\/v2\/posts"}],"about":[{"href":"http:\/\/elcuartopoder.com.mx\/nw\/wp-json\/wp\/v2\/types\/post"}],"author":[{"embeddable":true,"href":"http:\/\/elcuartopoder.com.mx\/nw\/wp-json\/wp\/v2\/users\/2"}],"replies":[{"embeddable":true,"href":"http:\/\/elcuartopoder.com.mx\/nw\/wp-json\/wp\/v2\/comments?post=115204"}],"version-history":[{"count":1,"href":"http:\/\/elcuartopoder.com.mx\/nw\/wp-json\/wp\/v2\/posts\/115204\/revisions"}],"predecessor-version":[{"id":115213,"href":"http:\/\/elcuartopoder.com.mx\/nw\/wp-json\/wp\/v2\/posts\/115204\/revisions\/115213"}],"wp:featuredmedia":[{"embeddable":true,"href":"http:\/\/elcuartopoder.com.mx\/nw\/wp-json\/wp\/v2\/media\/115207"}],"wp:attachment":[{"href":"http:\/\/elcuartopoder.com.mx\/nw\/wp-json\/wp\/v2\/media?parent=115204"}],"wp:term":[{"taxonomy":"category","embeddable":true,"href":"http:\/\/elcuartopoder.com.mx\/nw\/wp-json\/wp\/v2\/categories?post=115204"},{"taxonomy":"post_tag","embeddable":true,"href":"http:\/\/elcuartopoder.com.mx\/nw\/wp-json\/wp\/v2\/tags?post=115204"}],"curies":[{"name":"wp","href":"https:\/\/api.w.org\/{rel}","templated":true}]}}