{"id":115215,"date":"2023-02-16T08:25:52","date_gmt":"2023-02-16T13:25:52","guid":{"rendered":"http:\/\/elcuartopoder.com.mx\/nw\/?p=115215"},"modified":"2023-02-16T08:25:54","modified_gmt":"2023-02-16T13:25:54","slug":"conmocion-en-puebla-encuentran-cadaver-de-un-bebe-dentro-de-una-bolsa-de-basura","status":"publish","type":"post","link":"http:\/\/elcuartopoder.com.mx\/nw\/policiacas\/conmocion-en-puebla-encuentran-cadaver-de-un-bebe-dentro-de-una-bolsa-de-basura\/","title":{"rendered":"Conmoci\u00f3n en Puebla: encuentran cad\u00e1ver de un beb\u00e9 dentro de una bolsa de basura"},"content":{"rendered":"\n<p class=\"wp-block-paragraph\">Un beb\u00e9 de al menos tres o cuatro meses de nacido, fue encontrado muerto y dentro de una bolsa negra que fue abandonada en un terreno ubicado en el municipio de Tehuac\u00e1n, Puebla.<\/p>\n\n\n\n<p class=\"wp-block-paragraph\">Fueron vecinos de la colonia El Sotolin, quienes, al pasar por la zona, encontraron la bolsa con forma humanoide, que, al momento de acercarse, se percataron que se trataba de un menor de edad.<\/p>\n\n\n\n<p class=\"wp-block-paragraph\">Inmediatamente, la zona fue acordonada por la polic\u00eda municipal y se pidi\u00f3 el apoyo de la Fiscal\u00eda General del Estado (FGE) de Puebla para el levantamiento de cad\u00e1ver.<\/p>\n\n\n\n<figure class=\"wp-block-image\"><img decoding=\"async\" src=\"https:\/\/heraldodemexico.com.mx\/u\/fotografias\/m\/2023\/2\/14\/f768x1-672894_673021_11.jpeg\" alt=\"\"\/><figcaption>Encontraron el cad\u00e1ver de un beb\u00e9 en Puebla Foto: Especial<\/figcaption><\/figure>\n\n\n\n<p class=\"wp-block-paragraph\">Hasta ahora se desconoce la identidad del menor y si el cuerpo tiene algunas se\u00f1ales de violencia, que hubieran derivado en el fallecimiento de este menor.&nbsp;<\/p>\n\n\n\n<p class=\"wp-block-paragraph\">Cabe se\u00f1alar que la situaci\u00f3n de Tehuac\u00e1n ha sido complicada desde inicios del 2023, cuando se han encontrado una serie de cuerpos tanto embolsados como calcinados.<\/p>\n\n\n\n<p class=\"wp-block-paragraph\">Recientemente, el gobierno de&nbsp;<strong>Puebla<\/strong>, tambi\u00e9n confirm\u00f3 que existen una denuncia penal en contra del alcalde de Tehuac\u00e1n,<strong>&nbsp;Pedro Tepole Hern\u00e1ndez.<\/strong><\/p>\n\n\n\n<h2 class=\"wp-block-heading\"><strong>Otro&nbsp;reci\u00e9n nacido hallado en el Edomex<\/strong><\/h2>\n\n\n\n<p class=\"wp-block-paragraph\">Otro caso similar sucedi\u00f3 en la colonia San Rafael del municipio de&nbsp;<strong>El Oro,<\/strong>&nbsp;al norte de<strong>l Estado de M\u00e9xico<\/strong>&nbsp;cuando&nbsp;al interior de una bolsa de pl\u00e1stico de color negro, fue encontrado&nbsp;el cad\u00e1ver de un beb\u00e9 reci\u00e9n nacido en una zona boscosa, quien a\u00fan ten\u00eda el cord\u00f3n umbilical y placenta.<\/p>\n\n\n\n<p class=\"wp-block-paragraph\">A un costado de la c<strong>alle El Tiro,<\/strong>&nbsp;un vecino de la comunidad mexiquense que pasaba por ah\u00ed, observ\u00f3&nbsp;un bulto entre la maleza y basura del que sal\u00edan<strong>&nbsp;restos humanos<\/strong>, por lo que inmediatamente alert\u00f3 a las autoridades.<\/p>\n\n\n\n<figure class=\"wp-block-image\"><img decoding=\"async\" src=\"https:\/\/heraldodemexico.com.mx\/u\/fotografias\/m\/2023\/2\/14\/f768x1-672895_673022_5050.jpeg\" alt=\"\"\/><figcaption>Encuentran a reci\u00e9n nacido en una zona boscosa Foto: Twitter @QuePocaMadreMex<\/figcaption><\/figure>\n\n\n\n<p class=\"wp-block-paragraph\">En el momento que llegaron las autoridades,&nbsp;tanto param\u00e9dicos como polic\u00edas, confirmaron que se trataba de un ni\u00f1o de aproximadamente&nbsp;<strong>nueve meses de gestaci\u00f3n&nbsp;<\/strong>quien acababa de nacer, aunque no se dio a conocer el tiempo que llevaba abandonado.<\/p>\n\n\n\n<p class=\"wp-block-paragraph\">De acuerdo con los primeros reportes oficiales y como protocolo de seguridad, la escena del crimen fue acordonada y resguarda por uniformados de la<strong>&nbsp;Secretar\u00eda de Seguridad P\u00fablic<\/strong>a, quienes pidieron la participaci\u00f3n de peritos para realizar las investigaciones pertinentes.<\/p>\n\n\n\n<p class=\"wp-block-paragraph\">Finalmente, la\u00a0<strong>Fiscal\u00eda General de Justicia del Estado de M\u00e9xico<\/strong>\u00a0(FGJEM)\u00a0a trav\u00e9s de la sede regional, inici\u00f3 una carpeta de investigaci\u00f3n para dar con los responsables.<\/p>\n\n\n\n<p class=\"wp-block-paragraph\">Fuente: heraldodemexico<\/p>\n","protected":false},"excerpt":{"rendered":"<p>Un beb\u00e9 de al menos tres o cuatro meses de nacido, fue encontrado muerto y dentro de una bolsa negra que fue abandonada en un terreno ubicado en el municipio de Tehuac\u00e1n, Puebla. Fueron vecinos de la colonia El Sotolin, quienes, al pasar por la zona, encontraron la bolsa con forma humanoide, que, al momento [&hellip;]<\/p>\n","protected":false},"author":2,"featured_media":115216,"comment_status":"open","ping_status":"open","sticky":false,"template":"","format":"standard","meta":{"footnotes":""},"categories":[23],"tags":[],"class_list":["post-115215","post","type-post","status-publish","format-standard","has-post-thumbnail","hentry","category-policiacas"],"_links":{"self":[{"href":"http:\/\/elcuartopoder.com.mx\/nw\/wp-json\/wp\/v2\/posts\/115215","targetHints":{"allow":["GET"]}}],"collection":[{"href":"http:\/\/elcuartopoder.com.mx\/nw\/wp-json\/wp\/v2\/posts"}],"about":[{"href":"http:\/\/elcuartopoder.com.mx\/nw\/wp-json\/wp\/v2\/types\/post"}],"author":[{"embeddable":true,"href":"http:\/\/elcuartopoder.com.mx\/nw\/wp-json\/wp\/v2\/users\/2"}],"replies":[{"embeddable":true,"href":"http:\/\/elcuartopoder.com.mx\/nw\/wp-json\/wp\/v2\/comments?post=115215"}],"version-history":[{"count":1,"href":"http:\/\/elcuartopoder.com.mx\/nw\/wp-json\/wp\/v2\/posts\/115215\/revisions"}],"predecessor-version":[{"id":115217,"href":"http:\/\/elcuartopoder.com.mx\/nw\/wp-json\/wp\/v2\/posts\/115215\/revisions\/115217"}],"wp:featuredmedia":[{"embeddable":true,"href":"http:\/\/elcuartopoder.com.mx\/nw\/wp-json\/wp\/v2\/media\/115216"}],"wp:attachment":[{"href":"http:\/\/elcuartopoder.com.mx\/nw\/wp-json\/wp\/v2\/media?parent=115215"}],"wp:term":[{"taxonomy":"category","embeddable":true,"href":"http:\/\/elcuartopoder.com.mx\/nw\/wp-json\/wp\/v2\/categories?post=115215"},{"taxonomy":"post_tag","embeddable":true,"href":"http:\/\/elcuartopoder.com.mx\/nw\/wp-json\/wp\/v2\/tags?post=115215"}],"curies":[{"name":"wp","href":"https:\/\/api.w.org\/{rel}","templated":true}]}}