{"id":115224,"date":"2023-02-16T08:36:39","date_gmt":"2023-02-16T13:36:39","guid":{"rendered":"http:\/\/elcuartopoder.com.mx\/nw\/?p=115224"},"modified":"2023-02-16T08:36:43","modified_gmt":"2023-02-16T13:36:43","slug":"reitera-renan-sanchez-que-consulta-de-aguakan-es-un-tema-de-los-municipios-y-capa","status":"publish","type":"post","link":"http:\/\/elcuartopoder.com.mx\/nw\/politica\/reitera-renan-sanchez-que-consulta-de-aguakan-es-un-tema-de-los-municipios-y-capa\/","title":{"rendered":"Reitera Ren\u00e1n S\u00e1nchez que consulta de Aguakan es un tema de los municipios y CAPA"},"content":{"rendered":"\n<p class=\"wp-block-paragraph\">Chetumal.- El diputado local Ren\u00e1n S\u00e1nchez Tajonar, presidente de la Junta de Gobierno y Coordinaci\u00f3n Pol\u00edtica (Jugocopo) del Congreso del Estado, reiter\u00f3 su afirmaci\u00f3n de que dar cumplimiento a los resultados de la consulta popular de Aguakan es un tema que est\u00e1 en manos de los ayuntamientos respectivos y la Comisi\u00f3n de Agua Potable y Alcantarillado (CAPA).<\/p>\n\n\n\n<p class=\"wp-block-paragraph\">En entrevista a su llegada al Poder Legislativo, el legislador del Partido Verde dijo que la posible revocaci\u00f3n de esta concesi\u00f3n no es una decisi\u00f3n que puedan tomarse de manera unilateral, ya que traer\u00eda consigo un impacto en las finanzas de esas entidades.<\/p>\n\n\n\n<p class=\"wp-block-paragraph\">Previamente, el diputado rechaz\u00f3 que las actividades realizadas en su distrito tengan que ven con alguna pretensi\u00f3n electoral, ya que todos los diputados deben ser gestores de sus comunidades, adem\u00e1s de tener un contacto directo con la ciudadan\u00eda, en especial en periodos de receso.<\/p>\n\n\n\n<p class=\"wp-block-paragraph\">En cuanto al periodo ordinario de sesiones que hoy arranca, el legislador, quien encabeza la bancada del PVEM en el Congreso local, adelant\u00f3 que su partido pol\u00edtico de antemano present\u00f3 su agenda, incorporada a la agenda legislativa del bloque que mantienen con Morena y el Partido del Trabajo.<\/p>\n\n\n\n<p class=\"wp-block-paragraph\">La agenda del PVEM, dijo, est\u00e1 compuesta de siete iniciativas, entre ellas, tener un padr\u00f3n de agresores sexuales, que deudores alimentarios no puedan llegar a altos cargos p\u00fablicos, que los feminicidios no pierdan vigencia; as\u00ed como temas de movilidad y sensibles a la poblaci\u00f3n, cit\u00f3 S\u00e1nchez Tajonar.<\/p>\n\n\n\n<p class=\"wp-block-paragraph\">Fuente: noticiaschetumal<\/p>\n","protected":false},"excerpt":{"rendered":"<p>Chetumal.- El diputado local Ren\u00e1n S\u00e1nchez Tajonar, presidente de la Junta de Gobierno y Coordinaci\u00f3n Pol\u00edtica (Jugocopo) del Congreso del Estado, reiter\u00f3 su afirmaci\u00f3n de que dar cumplimiento a los resultados de la consulta popular de Aguakan es un tema que est\u00e1 en manos de los ayuntamientos respectivos y la Comisi\u00f3n de Agua Potable y [&hellip;]<\/p>\n","protected":false},"author":2,"featured_media":115225,"comment_status":"open","ping_status":"open","sticky":false,"template":"","format":"standard","meta":{"footnotes":""},"categories":[61],"tags":[],"class_list":["post-115224","post","type-post","status-publish","format-standard","has-post-thumbnail","hentry","category-politica"],"_links":{"self":[{"href":"http:\/\/elcuartopoder.com.mx\/nw\/wp-json\/wp\/v2\/posts\/115224","targetHints":{"allow":["GET"]}}],"collection":[{"href":"http:\/\/elcuartopoder.com.mx\/nw\/wp-json\/wp\/v2\/posts"}],"about":[{"href":"http:\/\/elcuartopoder.com.mx\/nw\/wp-json\/wp\/v2\/types\/post"}],"author":[{"embeddable":true,"href":"http:\/\/elcuartopoder.com.mx\/nw\/wp-json\/wp\/v2\/users\/2"}],"replies":[{"embeddable":true,"href":"http:\/\/elcuartopoder.com.mx\/nw\/wp-json\/wp\/v2\/comments?post=115224"}],"version-history":[{"count":1,"href":"http:\/\/elcuartopoder.com.mx\/nw\/wp-json\/wp\/v2\/posts\/115224\/revisions"}],"predecessor-version":[{"id":115226,"href":"http:\/\/elcuartopoder.com.mx\/nw\/wp-json\/wp\/v2\/posts\/115224\/revisions\/115226"}],"wp:featuredmedia":[{"embeddable":true,"href":"http:\/\/elcuartopoder.com.mx\/nw\/wp-json\/wp\/v2\/media\/115225"}],"wp:attachment":[{"href":"http:\/\/elcuartopoder.com.mx\/nw\/wp-json\/wp\/v2\/media?parent=115224"}],"wp:term":[{"taxonomy":"category","embeddable":true,"href":"http:\/\/elcuartopoder.com.mx\/nw\/wp-json\/wp\/v2\/categories?post=115224"},{"taxonomy":"post_tag","embeddable":true,"href":"http:\/\/elcuartopoder.com.mx\/nw\/wp-json\/wp\/v2\/tags?post=115224"}],"curies":[{"name":"wp","href":"https:\/\/api.w.org\/{rel}","templated":true}]}}