{"id":115227,"date":"2023-02-16T08:54:32","date_gmt":"2023-02-16T13:54:32","guid":{"rendered":"http:\/\/elcuartopoder.com.mx\/nw\/?p=115227"},"modified":"2023-02-16T08:54:36","modified_gmt":"2023-02-16T13:54:36","slug":"quintana-roo-sera-el-primer-estado-con-centro-de-registro-de-donadores-de-medula-osea-en-11-municipios","status":"publish","type":"post","link":"http:\/\/elcuartopoder.com.mx\/nw\/destacadas\/quintana-roo-sera-el-primer-estado-con-centro-de-registro-de-donadores-de-medula-osea-en-11-municipios\/","title":{"rendered":"Quintana Roo ser\u00e1 el primer Estado con Centro de Registro de Donadores de M\u00e9dula \u00d3sea en 11 municipios"},"content":{"rendered":"\n<p class=\"wp-block-paragraph\">Chetumal.- Quintana Roo ser\u00e1 el primer Estado en el que todos sus municipios tendr\u00e1n un espacio para identificar a posibles donantes de m\u00e9dula \u00f3sea, gracias a la firma del convenio sin precedentes entre el Sistema DIF Quintana Roo, los 11 DIF municipales y la Alianza Conectados por la Vida, que conforman las asociaciones civiles Aqu\u00ed Nadie Se Rinde (ANSeR), AMANC M\u00e9xico, Be the Match y fundaci\u00f3n Aitana.<\/p>\n\n\n\n<p class=\"wp-block-paragraph\">La firma se llev\u00f3 a cabo en las instalaciones del Centro de Rehabilitaci\u00f3n Integral de Quintana Roo (CRIQ) donde la Presidenta Honoraria del DIF Quintana Roo, Ver\u00f3nica Lezama Espinosa, particip\u00f3 como testigo de honor y destac\u00f3 que con estas acciones se busca traspasar fronteras para que entre todas y todos se mejore la calidad de vida de quienes m\u00e1s lo necesitan.<\/p>\n\n\n\n<p class=\"wp-block-paragraph\">\u201cSin duda, este es un referente hist\u00f3rico que reafirma el compromiso del DIF Quintana Roo con el Nuevo Acuerdo por el Bienestar y Desarrollo de Quintana Roo que encabeza nuestra gobernadora Mara Lezama Espinosa, en el que sumamos esfuerzos con sociedad civil y los gobiernos municipales para poder ayudar en mejorar las condiciones en las que viven los pacientes y sus familias\u201d, dijo.<\/p>\n\n\n\n<p class=\"wp-block-paragraph\">Invit\u00f3 a la poblaci\u00f3n a participar en este proyecto, para lograr que el banco de datos crezca y que la poblaci\u00f3n infantil con c\u00e1ncer en Quintana Roo, que hoy no tienen una oportunidad de lograrlo, puedan acceder a un trasplante y vencer esta enfermedad.<\/p>\n\n\n\n<p class=\"wp-block-paragraph\">Por su parte la directora general del DIF Estatal, Abril Sabido explic\u00f3 que el objetivo del convenio es lograr a trav\u00e9s de esta alianza que en todos los municipios del estado a trav\u00e9s de sus sistemas DIF Municipales, tengan un espacio para poder recabar muestras de posibles donantes de m\u00e9dula \u00f3sea.<\/p>\n\n\n\n<p class=\"wp-block-paragraph\">Con ello garantizar m\u00e1s posibilidades de encontrar donante no consangu\u00edneos y dar mayor oportunidad a las ni\u00f1as, ni\u00f1os y adolescentes quintanarroenses a mejorar su calidad de vida.<\/p>\n\n\n\n<p class=\"wp-block-paragraph\">A\u00f1adi\u00f3 que este acuerdo representa una extraordinaria oportunidad, para trabajar todos los d\u00edas en acciones de lucha contra el c\u00e1ncer infantil mediante la difusi\u00f3n de la problem\u00e1tica y la canalizaci\u00f3n a trav\u00e9s de alianzas.<\/p>\n\n\n\n<p class=\"wp-block-paragraph\">En su intervenci\u00f3n, la representante legal de la Fundaci\u00f3n ANSeR, Laura Vidales mencion\u00f3 que se trabajar\u00e1 en los objetivos espec\u00edficos para asegurar el tratamiento antes, durante y despu\u00e9s del trasplante de m\u00e9dula \u00f3sea a trav\u00e9s de esquemas de cofinanciamiento.<\/p>\n\n\n\n<p class=\"wp-block-paragraph\">Asimismo, reiter\u00f3 que se buscar\u00e1 incrementar la base de donantes no relacionados, disminuir el desgaste f\u00edsico, psicol\u00f3gico del paciente y su familia, as\u00ed como contribuir a la reinserci\u00f3n del paciente y su familia a la vida sin c\u00e1ncer.<\/p>\n\n\n\n<figure class=\"wp-block-gallery has-nested-images columns-default is-cropped wp-block-gallery-1 is-layout-flex wp-block-gallery-is-layout-flex\">\n<figure class=\"wp-block-image size-large\"><img loading=\"lazy\" decoding=\"async\" width=\"1024\" height=\"657\" data-id=\"115228\" src=\"http:\/\/elcuartopoder.com.mx\/nw\/wp-content\/uploads\/2023\/02\/DIF-Donadores-01.jpeg\" alt=\"\" class=\"wp-image-115228\" srcset=\"http:\/\/elcuartopoder.com.mx\/nw\/wp-content\/uploads\/2023\/02\/DIF-Donadores-01.jpeg 1024w, http:\/\/elcuartopoder.com.mx\/nw\/wp-content\/uploads\/2023\/02\/DIF-Donadores-01-300x192.jpeg 300w, http:\/\/elcuartopoder.com.mx\/nw\/wp-content\/uploads\/2023\/02\/DIF-Donadores-01-768x493.jpeg 768w, http:\/\/elcuartopoder.com.mx\/nw\/wp-content\/uploads\/2023\/02\/DIF-Donadores-01-696x447.jpeg 696w\" sizes=\"auto, (max-width: 1024px) 100vw, 1024px\" \/><\/figure>\n\n\n\n<figure class=\"wp-block-image size-large\"><img loading=\"lazy\" decoding=\"async\" width=\"1024\" height=\"684\" data-id=\"115231\" src=\"http:\/\/elcuartopoder.com.mx\/nw\/wp-content\/uploads\/2023\/02\/DIF-Donadores-02.jpeg\" alt=\"\" class=\"wp-image-115231\" srcset=\"http:\/\/elcuartopoder.com.mx\/nw\/wp-content\/uploads\/2023\/02\/DIF-Donadores-02.jpeg 1024w, http:\/\/elcuartopoder.com.mx\/nw\/wp-content\/uploads\/2023\/02\/DIF-Donadores-02-300x200.jpeg 300w, http:\/\/elcuartopoder.com.mx\/nw\/wp-content\/uploads\/2023\/02\/DIF-Donadores-02-768x513.jpeg 768w, http:\/\/elcuartopoder.com.mx\/nw\/wp-content\/uploads\/2023\/02\/DIF-Donadores-02-696x465.jpeg 696w\" sizes=\"auto, (max-width: 1024px) 100vw, 1024px\" \/><\/figure>\n\n\n\n<figure class=\"wp-block-image size-large\"><img loading=\"lazy\" decoding=\"async\" width=\"1024\" height=\"669\" data-id=\"115230\" src=\"http:\/\/elcuartopoder.com.mx\/nw\/wp-content\/uploads\/2023\/02\/DIF-Donadores-03.jpeg\" alt=\"\" class=\"wp-image-115230\" srcset=\"http:\/\/elcuartopoder.com.mx\/nw\/wp-content\/uploads\/2023\/02\/DIF-Donadores-03.jpeg 1024w, http:\/\/elcuartopoder.com.mx\/nw\/wp-content\/uploads\/2023\/02\/DIF-Donadores-03-300x196.jpeg 300w, http:\/\/elcuartopoder.com.mx\/nw\/wp-content\/uploads\/2023\/02\/DIF-Donadores-03-768x502.jpeg 768w, http:\/\/elcuartopoder.com.mx\/nw\/wp-content\/uploads\/2023\/02\/DIF-Donadores-03-696x455.jpeg 696w\" sizes=\"auto, (max-width: 1024px) 100vw, 1024px\" \/><\/figure>\n\n\n\n<figure class=\"wp-block-image size-large\"><img loading=\"lazy\" decoding=\"async\" width=\"1024\" height=\"690\" data-id=\"115229\" src=\"http:\/\/elcuartopoder.com.mx\/nw\/wp-content\/uploads\/2023\/02\/DIF-Donadores-04.jpeg\" alt=\"\" class=\"wp-image-115229\" srcset=\"http:\/\/elcuartopoder.com.mx\/nw\/wp-content\/uploads\/2023\/02\/DIF-Donadores-04.jpeg 1024w, http:\/\/elcuartopoder.com.mx\/nw\/wp-content\/uploads\/2023\/02\/DIF-Donadores-04-300x202.jpeg 300w, http:\/\/elcuartopoder.com.mx\/nw\/wp-content\/uploads\/2023\/02\/DIF-Donadores-04-768x518.jpeg 768w, http:\/\/elcuartopoder.com.mx\/nw\/wp-content\/uploads\/2023\/02\/DIF-Donadores-04-696x469.jpeg 696w\" sizes=\"auto, (max-width: 1024px) 100vw, 1024px\" \/><\/figure>\n<\/figure>\n","protected":false},"excerpt":{"rendered":"<p>Chetumal.- Quintana Roo ser\u00e1 el primer Estado en el que todos sus municipios tendr\u00e1n un espacio para identificar a posibles donantes de m\u00e9dula \u00f3sea, gracias a la firma del convenio sin precedentes entre el Sistema DIF Quintana Roo, los 11 DIF municipales y la Alianza Conectados por la Vida, que conforman las asociaciones civiles Aqu\u00ed [&hellip;]<\/p>\n","protected":false},"author":2,"featured_media":115229,"comment_status":"open","ping_status":"open","sticky":false,"template":"","format":"standard","meta":{"footnotes":""},"categories":[59],"tags":[],"class_list":["post-115227","post","type-post","status-publish","format-standard","has-post-thumbnail","hentry","category-destacadas"],"_links":{"self":[{"href":"http:\/\/elcuartopoder.com.mx\/nw\/wp-json\/wp\/v2\/posts\/115227","targetHints":{"allow":["GET"]}}],"collection":[{"href":"http:\/\/elcuartopoder.com.mx\/nw\/wp-json\/wp\/v2\/posts"}],"about":[{"href":"http:\/\/elcuartopoder.com.mx\/nw\/wp-json\/wp\/v2\/types\/post"}],"author":[{"embeddable":true,"href":"http:\/\/elcuartopoder.com.mx\/nw\/wp-json\/wp\/v2\/users\/2"}],"replies":[{"embeddable":true,"href":"http:\/\/elcuartopoder.com.mx\/nw\/wp-json\/wp\/v2\/comments?post=115227"}],"version-history":[{"count":1,"href":"http:\/\/elcuartopoder.com.mx\/nw\/wp-json\/wp\/v2\/posts\/115227\/revisions"}],"predecessor-version":[{"id":115232,"href":"http:\/\/elcuartopoder.com.mx\/nw\/wp-json\/wp\/v2\/posts\/115227\/revisions\/115232"}],"wp:featuredmedia":[{"embeddable":true,"href":"http:\/\/elcuartopoder.com.mx\/nw\/wp-json\/wp\/v2\/media\/115229"}],"wp:attachment":[{"href":"http:\/\/elcuartopoder.com.mx\/nw\/wp-json\/wp\/v2\/media?parent=115227"}],"wp:term":[{"taxonomy":"category","embeddable":true,"href":"http:\/\/elcuartopoder.com.mx\/nw\/wp-json\/wp\/v2\/categories?post=115227"},{"taxonomy":"post_tag","embeddable":true,"href":"http:\/\/elcuartopoder.com.mx\/nw\/wp-json\/wp\/v2\/tags?post=115227"}],"curies":[{"name":"wp","href":"https:\/\/api.w.org\/{rel}","templated":true}]}}