{"id":115235,"date":"2023-02-16T09:01:29","date_gmt":"2023-02-16T14:01:29","guid":{"rendered":"http:\/\/elcuartopoder.com.mx\/nw\/?p=115235"},"modified":"2023-02-16T09:01:33","modified_gmt":"2023-02-16T14:01:33","slug":"presidente-del-banco-mundial-anuncia-que-dejara-el-cargo","status":"publish","type":"post","link":"http:\/\/elcuartopoder.com.mx\/nw\/internacionales\/presidente-del-banco-mundial-anuncia-que-dejara-el-cargo\/","title":{"rendered":"Presidente del Banco Mundial anuncia que dejar\u00e1 el cargo"},"content":{"rendered":"\n<p class=\"wp-block-paragraph\">El presidente del Banco Mundial (BM), David Malpass, inform\u00f3 este mi\u00e9rcoles al Directorio Ejecutivo del organismo su intenci\u00f3n de dejar el cargo hacia el 30 de junio pr\u00f3ximo.<\/p>\n\n\n\n<p class=\"wp-block-paragraph\">\u00abEsta tarde me reun\u00ed con el Directorio Ejecutivo del grupo del Banco Mundial y les inform\u00e9 de mi intenci\u00f3n de marcharme hacia el 30 de junio de este a\u00f1o fiscal. Ha sido un honor y privilegio servir como presidente del Banco Mundial\u00bb, escribi\u00f3 Malpass en su cuenta de Twitter.<\/p>\n\n\n\n<p class=\"wp-block-paragraph\">En un comunicado del BM, el propio Malpass explica que quiere \u00abperseguir nuevos desaf\u00edos\u00bb. Propuesto por el expresidente de EE.UU. Donald Trump (2017-2021), ocupaba el cargo desde abril de 2019.<\/p>\n\n\n\n<p class=\"wp-block-paragraph\">\u00abHa sido un enorme honor y un privilegio servir como presidente de la principal instituci\u00f3n de desarrollo del mundo junto a tantas personas talentosas y excepcionales\u00bb, apunta Malpass en el comunicado publicado en la p\u00e1gina web del banco.<\/p>\n\n\n\n<p class=\"wp-block-paragraph\">Los \u00faltimos cuatro a\u00f1os, se\u00f1ala, \u00abhan sido algunos de los m\u00e1s significativos de mi carrera\u00bb, tiempo en el que \u00abhe progresado mucho\u00bb, cuenta. \u00abDespu\u00e9s de pensarlo mucho, he decidido perseguir nuevos desaf\u00edos\u00bb, a\u00f1ade el economista estadounidense (M\u00edchigan, 1956).<\/p>\n\n\n\n<p class=\"wp-block-paragraph\">En el mensaje agradece al personal del banco de desarrollo y a su junta directiva por \u00abel privilegio de trabajar con ellos todos los d\u00edas para fortalecer la efectividad de nuestras operaciones en los momentos m\u00e1s dif\u00edciles\u00bb.<\/p>\n\n\n\n<p class=\"wp-block-paragraph\">Malpass dejar\u00e1 su cargo el pr\u00f3ximo 30 de junio y espera que haya \u00abuna transici\u00f3n de liderazgo sin problemas\u00bb, a medida que el Banco Mundial trabaja \u00abpara enfrentar los crecientes desaf\u00edos globales y para facilitar la inversi\u00f3n privada\u00bb.<\/p>\n\n\n\n<p class=\"wp-block-paragraph\">La figura de Malpass estuvo en entredicho despu\u00e9s de que en septiembre pasado en un panel de discusi\u00f3n evitara en varias ocasiones responder si reconoc\u00eda el consenso cient\u00edfico de que los humanos que quemaban combustibles f\u00f3siles estaban \u00abcalentando el planeta r\u00e1pida y peligrosamente\u00bb.<\/p>\n\n\n\n<p class=\"wp-block-paragraph\">\u00abNi siquiera lo s\u00e9, no soy cient\u00edfico y esa no es una pregunta\u00bb, se\u00f1al\u00f3 en un encuentro celebrado por The New York Times en la Semana del Clima en Nueva York, una respuesta que llev\u00f3 a algunos activistas clim\u00e1ticos a solicitar su renuncia.<\/p>\n\n\n\n<p class=\"wp-block-paragraph\">Malpass reconoci\u00f3 posteriormente que sus palabras fueron desafortunadas y que cuando le preguntaron si era negacionista del cambio clim\u00e1tico deber\u00eda haber dicho claramente que \u00abno\u00bb.<\/p>\n\n\n\n<p class=\"wp-block-paragraph\">El economista tambi\u00e9n gener\u00f3 pol\u00e9mica tras llegar al puesto ya que antes de ello hab\u00eda destacado por sus cr\u00edticas contra esa instituci\u00f3n, alegando, por ejemplo, que los \u00fanicos que se benefician de sus cr\u00e9ditos son quienes vuelan en primera clase \u00abpara dar consejos a los Gobiernos\u00bb.\u00a0<\/p>\n\n\n\n<p class=\"wp-block-paragraph\">Fuente: XEU<\/p>\n","protected":false},"excerpt":{"rendered":"<p>El presidente del Banco Mundial (BM), David Malpass, inform\u00f3 este mi\u00e9rcoles al Directorio Ejecutivo del organismo su intenci\u00f3n de dejar el cargo hacia el 30 de junio pr\u00f3ximo. \u00abEsta tarde me reun\u00ed con el Directorio Ejecutivo del grupo del Banco Mundial y les inform\u00e9 de mi intenci\u00f3n de marcharme hacia el 30 de junio de [&hellip;]<\/p>\n","protected":false},"author":2,"featured_media":115236,"comment_status":"open","ping_status":"open","sticky":false,"template":"","format":"standard","meta":{"footnotes":""},"categories":[8],"tags":[],"class_list":["post-115235","post","type-post","status-publish","format-standard","has-post-thumbnail","hentry","category-internacionales"],"_links":{"self":[{"href":"http:\/\/elcuartopoder.com.mx\/nw\/wp-json\/wp\/v2\/posts\/115235","targetHints":{"allow":["GET"]}}],"collection":[{"href":"http:\/\/elcuartopoder.com.mx\/nw\/wp-json\/wp\/v2\/posts"}],"about":[{"href":"http:\/\/elcuartopoder.com.mx\/nw\/wp-json\/wp\/v2\/types\/post"}],"author":[{"embeddable":true,"href":"http:\/\/elcuartopoder.com.mx\/nw\/wp-json\/wp\/v2\/users\/2"}],"replies":[{"embeddable":true,"href":"http:\/\/elcuartopoder.com.mx\/nw\/wp-json\/wp\/v2\/comments?post=115235"}],"version-history":[{"count":1,"href":"http:\/\/elcuartopoder.com.mx\/nw\/wp-json\/wp\/v2\/posts\/115235\/revisions"}],"predecessor-version":[{"id":115237,"href":"http:\/\/elcuartopoder.com.mx\/nw\/wp-json\/wp\/v2\/posts\/115235\/revisions\/115237"}],"wp:featuredmedia":[{"embeddable":true,"href":"http:\/\/elcuartopoder.com.mx\/nw\/wp-json\/wp\/v2\/media\/115236"}],"wp:attachment":[{"href":"http:\/\/elcuartopoder.com.mx\/nw\/wp-json\/wp\/v2\/media?parent=115235"}],"wp:term":[{"taxonomy":"category","embeddable":true,"href":"http:\/\/elcuartopoder.com.mx\/nw\/wp-json\/wp\/v2\/categories?post=115235"},{"taxonomy":"post_tag","embeddable":true,"href":"http:\/\/elcuartopoder.com.mx\/nw\/wp-json\/wp\/v2\/tags?post=115235"}],"curies":[{"name":"wp","href":"https:\/\/api.w.org\/{rel}","templated":true}]}}