{"id":115252,"date":"2023-02-16T15:16:38","date_gmt":"2023-02-16T20:16:38","guid":{"rendered":"http:\/\/elcuartopoder.com.mx\/nw\/?p=115252"},"modified":"2023-02-16T15:16:42","modified_gmt":"2023-02-16T20:16:42","slug":"lewis-hamilton-ve-lejano-su-retiro-de-la-formula-1-pienso-quedarme-un-poco-mas","status":"publish","type":"post","link":"http:\/\/elcuartopoder.com.mx\/nw\/entretenimiento\/deportes\/lewis-hamilton-ve-lejano-su-retiro-de-la-formula-1-pienso-quedarme-un-poco-mas\/","title":{"rendered":"Lewis Hamilton ve lejano su retiro de la F\u00f3rmula 1: \u2018Pienso quedarme un poco m\u00e1s\u2019"},"content":{"rendered":"\n<p class=\"wp-block-paragraph\">Lewis Hamilton est\u00e1 listo para disputar una nueva campa\u00f1a como piloto de Mercedes Benz en la F\u00f3rmula 1. En medio de la presentaci\u00f3n del Mercedes-AMG W14, el brit\u00e1nico no ve cercano un posible retiro.<\/p>\n\n\n\n<p class=\"wp-block-paragraph\">El siete veces campe\u00f3n del mundo de F1 reconoci\u00f3 que la temporada 2022 de Mercedes Benz no fue lo que esperaban, pero conf\u00eda en que su posici\u00f3n en la parrilla mejore este a\u00f1o.<\/p>\n\n\n\n<p class=\"wp-block-paragraph\">\u201cSiempre creo que puedo mejorar. Siempre me ha gustado el desaf\u00edo mental y f\u00edsico. De tener que profundizar y ver c\u00f3mo puedes extraer m\u00e1s rendimiento de ti mismo y de la gente que te rodea. El coche est\u00e1 en constante evoluci\u00f3n. Sabes que no es el mismo coche cada a\u00f1o, siempre est\u00e1 cambiando. Siempre hay nuevas herramientas. Siempre hay un nuevo libro de registro al que tienes que acostumbrarte. Eso me encanta. As\u00ed que pienso quedarme un poco m\u00e1s\u201d.<\/p>\n\n\n\n<figure class=\"wp-block-embed is-type-rich is-provider-twitter wp-block-embed-twitter\"><div class=\"wp-block-embed__wrapper\">\n<blockquote class=\"twitter-tweet\" data-width=\"550\" data-dnt=\"true\"><p lang=\"en\" dir=\"ltr\">Back in black. \ud83d\udda4 Meet the Mercedes-AMG F1 W14 E PERFORMANCE. \ud83d\ude0d<br><br>We&#39;re <a href=\"https:\/\/twitter.com\/hashtag\/AllInPerformance?src=hash&amp;ref_src=twsrc%5Etfw\">#AllInPerformance<\/a>. \ud83d\udcaa <a href=\"https:\/\/t.co\/qKYiQiR6In\">pic.twitter.com\/qKYiQiR6In<\/a><\/p>&mdash; Mercedes-AMG PETRONAS F1 Team (@MercedesAMGF1) <a href=\"https:\/\/twitter.com\/MercedesAMGF1\/status\/1625788572774064135?ref_src=twsrc%5Etfw\">February 15, 2023<\/a><\/blockquote><script async src=\"https:\/\/platform.twitter.com\/widgets.js\" charset=\"utf-8\"><\/script>\n<\/div><\/figure>\n\n\n\n<h2 class=\"wp-block-heading\">Mercedes Benz presenta su nuevo monoplaza de cara a la temporada 2023 de la F1<\/h2>\n\n\n\n<p class=\"wp-block-paragraph\">La escuder\u00eda brit\u00e1nica dio a conocer el nuevo&nbsp;<strong>Mercedes-AMG F1 W14 E Performance<\/strong>: el monoplaza que utilizar\u00e1&nbsp;<strong>Lewis Hamilton<\/strong>&nbsp;a lo largo de la temporada 2023 en la&nbsp;<strong>F\u00f3rmula 1<\/strong>.<\/p>\n\n\n\n<p class=\"wp-block-paragraph\">El equipo\u00a0<strong>Mercedes Benz<\/strong>\u00a0ha vuelto a utilizar el color negro como su principal de cara a la siguiente campa\u00f1a en el Gran Circo: misma donde buscar\u00e1 volver a la cosecha del triunfo tras dos a\u00f1os de\u00a0dominio por parte de Red Bull y Max Verstappen.<\/p>\n\n\n\n<p class=\"wp-block-paragraph\"><strong>Lewis Hamilton<\/strong>\u00a0y su compa\u00f1ero de equipo, George Russell, dieron a conocer este mi\u00e9rcoles su nuevo monoplaza en Silverstone donde tambi\u00e9n aprovecharon la ocasi\u00f3n para presentar a todo el equipo que integra a\u00a0<strong>Mercedes Benz<\/strong>.<\/p>\n\n\n\n<p class=\"wp-block-paragraph\">Recuerda que podr\u00e1s disfrutar toda la acci\u00f3n de la\u00a0<strong>F\u00f3rmula 1<\/strong>\u00a0EN VIVO y EN EXCLUSIVA a trav\u00e9s de la se\u00f1al de FOX Sports Premium. Asimismo, recuerda que podr\u00e1s tener en la palma de la manos toda la actividad de Sergio \u201cCheco\u201d P\u00e9rez con la app de FOX Sports Play; te dejamos el\u00a0<a rel=\"noreferrer noopener\" href=\"https:\/\/app.foxsports.com.mx\/\" target=\"_blank\">link<\/a>\u00a0de descarga.<\/p>\n\n\n\n<p class=\"wp-block-paragraph\">Fuente: foxsports<\/p>\n","protected":false},"excerpt":{"rendered":"<p>Lewis Hamilton est\u00e1 listo para disputar una nueva campa\u00f1a como piloto de Mercedes Benz en la F\u00f3rmula 1. En medio de la presentaci\u00f3n del Mercedes-AMG W14, el brit\u00e1nico no ve cercano un posible retiro. El siete veces campe\u00f3n del mundo de F1 reconoci\u00f3 que la temporada 2022 de Mercedes Benz no fue lo que esperaban, [&hellip;]<\/p>\n","protected":false},"author":2,"featured_media":115253,"comment_status":"open","ping_status":"open","sticky":false,"template":"","format":"standard","meta":{"footnotes":""},"categories":[7],"tags":[],"class_list":["post-115252","post","type-post","status-publish","format-standard","has-post-thumbnail","hentry","category-deportes"],"_links":{"self":[{"href":"http:\/\/elcuartopoder.com.mx\/nw\/wp-json\/wp\/v2\/posts\/115252","targetHints":{"allow":["GET"]}}],"collection":[{"href":"http:\/\/elcuartopoder.com.mx\/nw\/wp-json\/wp\/v2\/posts"}],"about":[{"href":"http:\/\/elcuartopoder.com.mx\/nw\/wp-json\/wp\/v2\/types\/post"}],"author":[{"embeddable":true,"href":"http:\/\/elcuartopoder.com.mx\/nw\/wp-json\/wp\/v2\/users\/2"}],"replies":[{"embeddable":true,"href":"http:\/\/elcuartopoder.com.mx\/nw\/wp-json\/wp\/v2\/comments?post=115252"}],"version-history":[{"count":1,"href":"http:\/\/elcuartopoder.com.mx\/nw\/wp-json\/wp\/v2\/posts\/115252\/revisions"}],"predecessor-version":[{"id":115254,"href":"http:\/\/elcuartopoder.com.mx\/nw\/wp-json\/wp\/v2\/posts\/115252\/revisions\/115254"}],"wp:featuredmedia":[{"embeddable":true,"href":"http:\/\/elcuartopoder.com.mx\/nw\/wp-json\/wp\/v2\/media\/115253"}],"wp:attachment":[{"href":"http:\/\/elcuartopoder.com.mx\/nw\/wp-json\/wp\/v2\/media?parent=115252"}],"wp:term":[{"taxonomy":"category","embeddable":true,"href":"http:\/\/elcuartopoder.com.mx\/nw\/wp-json\/wp\/v2\/categories?post=115252"},{"taxonomy":"post_tag","embeddable":true,"href":"http:\/\/elcuartopoder.com.mx\/nw\/wp-json\/wp\/v2\/tags?post=115252"}],"curies":[{"name":"wp","href":"https:\/\/api.w.org\/{rel}","templated":true}]}}