{"id":115259,"date":"2023-02-17T10:06:45","date_gmt":"2023-02-17T15:06:45","guid":{"rendered":"http:\/\/elcuartopoder.com.mx\/nw\/?p=115259"},"modified":"2023-02-17T10:06:49","modified_gmt":"2023-02-17T15:06:49","slug":"atiende-xvii-legislatura-rezago-en-regularizacion-del-servicio-de-transporte","status":"publish","type":"post","link":"http:\/\/elcuartopoder.com.mx\/nw\/estatales\/atiende-xvii-legislatura-rezago-en-regularizacion-del-servicio-de-transporte\/","title":{"rendered":"Atiende XVII Legislatura rezago en regularizaci\u00f3n del servicio de transporte"},"content":{"rendered":"\n<p class=\"wp-block-paragraph\">Chetumal, Quintana Roo. &#8211; La XVII Legislatura del Estado aprob\u00f3 reformas a la Ley de Movilidad mediante las cuales se regular\u00e1 el servicio de transporte de mototaxis as\u00ed como el servicio de motorepartidores y diligencieros, adem\u00e1s de incorporar conceptos como el de micromovilidad, para estar apegados y acorde a lo previsto en la Ley General de Movilidad y Seguridad Vial.<\/p>\n\n\n\n<p class=\"wp-block-paragraph\">En la sesi\u00f3n ordinaria n\u00famero 2 se aprob\u00f3 en lo general el dictamen con proyecto de decreto por el que se reforman, adicionan y derogan diversas disposiciones de la Ley de Movilidad del Estado de Quintana Roo, cuyo an\u00e1lisis inici\u00f3 en diciembre de 2022 y el dictamen fue elaborado en enero del presente a\u00f1o.<\/p>\n\n\n\n<p class=\"wp-block-paragraph\">Con las reformas aprobadas se reconocen como permisionarios a los motorepartidores y diligencieros, as\u00ed como a los mototaxis y a los transportes de micromovilidad.<\/p>\n\n\n\n<p class=\"wp-block-paragraph\">Se estableci\u00f3 que, para el otorgamiento de los permisos para la prestaci\u00f3n del servicio p\u00fablico de transporte de pasajeros en veh\u00edculos tipo motocarros y\/o mototaxis, de micromovilidad y de repartici\u00f3n y diligencias, se estar\u00e1 sujeto a la formulaci\u00f3n de una declaratoria de necesidad expedida por el Instituto de Movilidad.<\/p>\n\n\n\n<p class=\"wp-block-paragraph\">En tribuna, el diputado Jos\u00e9 Mar\u00eda Chac\u00f3n Chabl\u00e9, presidente de la Comisi\u00f3n de Movilidad asegur\u00f3 que esta reforma se relaciona con la necesidad de reglamentar el funcionamiento de los prestadores de servicios, atendiendo a sus caracter\u00edsticas y dotarlos de certeza jur\u00eddica.<\/p>\n\n\n\n<p class=\"wp-block-paragraph\">Agreg\u00f3 que, con las reformas, se atiende un rezago importante en el tema de regularizaci\u00f3n del servicio de transporte, que por muchos a\u00f1os nadie se atrevi\u00f3 a legislar.<\/p>\n\n\n\n<p class=\"wp-block-paragraph\">En lo particular, se aprob\u00f3 una modificaci\u00f3n al primer p\u00e1rrafo del art\u00edculo 85 ter, planteada por el diputado Humberto Aldana Navarro, respecto a las especificaciones que deber\u00e1n cumplir los prestadores del servicio de transporte de repartici\u00f3n y diligencias respecto a las cajas de resguardo de productos, para lo cual se deber\u00e1 establecer en el reglamento de la Ley de Movilidad.<\/p>\n\n\n\n<p class=\"wp-block-paragraph\">Por otra parte, el Pleno Legislativo, a propuesta del diputado Chac\u00f3n Chabl\u00e9, determin\u00f3 que temas como el porcentaje que las plataformas digitales deber\u00e1n aportar por cada viaje contratado, as\u00ed como lo relacionado al servicio de arrastre y salvamento, ser\u00e1n nuevamente revisados por la Comisi\u00f3n de Movilidad para formular un nuevo dictamen, \u00fanicamente para las reservas del p\u00e1rrafo tercero del art\u00edculo 85 ter y los art\u00edculos 89 y 156.<\/p>\n\n\n\n<p class=\"wp-block-paragraph\">Por otra parte, se turn\u00f3 a comisiones la proposici\u00f3n con punto de acuerdo presentada por la diputada Cinthya Mill\u00e1n Estrella, en la que plantea exhortar al titular del Instituto de Movilidad del Estado, a iniciar los procedimientos administrativos en contra de los operadores o concesionarios del transporte p\u00fablico que hayan participado o participen cometiendo infracciones al orden p\u00fablico conforme a la Ley de Movilidad.<\/p>\n\n\n\n<p class=\"wp-block-paragraph\">Entre los asuntos atendidos en la sesi\u00f3n ordinaria, se turn\u00f3 a comisiones una iniciativa que propone instituir el Parlamento para la Diversidad Sexual y de G\u00e9nero; as\u00ed como una iniciativa de adiciones a la Ley del Equilibrio Ecol\u00f3gico y la Protecci\u00f3n al Medio Ambiente del Estado de Quintana Roo.<\/p>\n\n\n\n<figure class=\"wp-block-image size-large\"><img loading=\"lazy\" decoding=\"async\" width=\"1024\" height=\"683\" src=\"http:\/\/elcuartopoder.com.mx\/nw\/wp-content\/uploads\/2023\/02\/FOTO-2-BOL065-CONGRESO-16-FEBRERO-2023-1024x683.jpg\" alt=\"\" class=\"wp-image-115260\" srcset=\"http:\/\/elcuartopoder.com.mx\/nw\/wp-content\/uploads\/2023\/02\/FOTO-2-BOL065-CONGRESO-16-FEBRERO-2023-1024x683.jpg 1024w, http:\/\/elcuartopoder.com.mx\/nw\/wp-content\/uploads\/2023\/02\/FOTO-2-BOL065-CONGRESO-16-FEBRERO-2023-300x200.jpg 300w, http:\/\/elcuartopoder.com.mx\/nw\/wp-content\/uploads\/2023\/02\/FOTO-2-BOL065-CONGRESO-16-FEBRERO-2023-768x512.jpg 768w, http:\/\/elcuartopoder.com.mx\/nw\/wp-content\/uploads\/2023\/02\/FOTO-2-BOL065-CONGRESO-16-FEBRERO-2023-1536x1024.jpg 1536w, http:\/\/elcuartopoder.com.mx\/nw\/wp-content\/uploads\/2023\/02\/FOTO-2-BOL065-CONGRESO-16-FEBRERO-2023-2048x1365.jpg 2048w, http:\/\/elcuartopoder.com.mx\/nw\/wp-content\/uploads\/2023\/02\/FOTO-2-BOL065-CONGRESO-16-FEBRERO-2023-696x464.jpg 696w\" sizes=\"auto, (max-width: 1024px) 100vw, 1024px\" \/><\/figure>\n","protected":false},"excerpt":{"rendered":"<p>Chetumal, Quintana Roo. &#8211; La XVII Legislatura del Estado aprob\u00f3 reformas a la Ley de Movilidad mediante las cuales se regular\u00e1 el servicio de transporte de mototaxis as\u00ed como el servicio de motorepartidores y diligencieros, adem\u00e1s de incorporar conceptos como el de micromovilidad, para estar apegados y acorde a lo previsto en la Ley General [&hellip;]<\/p>\n","protected":false},"author":2,"featured_media":115261,"comment_status":"open","ping_status":"open","sticky":false,"template":"","format":"standard","meta":{"footnotes":""},"categories":[60],"tags":[],"class_list":["post-115259","post","type-post","status-publish","format-standard","has-post-thumbnail","hentry","category-estatales"],"_links":{"self":[{"href":"http:\/\/elcuartopoder.com.mx\/nw\/wp-json\/wp\/v2\/posts\/115259","targetHints":{"allow":["GET"]}}],"collection":[{"href":"http:\/\/elcuartopoder.com.mx\/nw\/wp-json\/wp\/v2\/posts"}],"about":[{"href":"http:\/\/elcuartopoder.com.mx\/nw\/wp-json\/wp\/v2\/types\/post"}],"author":[{"embeddable":true,"href":"http:\/\/elcuartopoder.com.mx\/nw\/wp-json\/wp\/v2\/users\/2"}],"replies":[{"embeddable":true,"href":"http:\/\/elcuartopoder.com.mx\/nw\/wp-json\/wp\/v2\/comments?post=115259"}],"version-history":[{"count":1,"href":"http:\/\/elcuartopoder.com.mx\/nw\/wp-json\/wp\/v2\/posts\/115259\/revisions"}],"predecessor-version":[{"id":115262,"href":"http:\/\/elcuartopoder.com.mx\/nw\/wp-json\/wp\/v2\/posts\/115259\/revisions\/115262"}],"wp:featuredmedia":[{"embeddable":true,"href":"http:\/\/elcuartopoder.com.mx\/nw\/wp-json\/wp\/v2\/media\/115261"}],"wp:attachment":[{"href":"http:\/\/elcuartopoder.com.mx\/nw\/wp-json\/wp\/v2\/media?parent=115259"}],"wp:term":[{"taxonomy":"category","embeddable":true,"href":"http:\/\/elcuartopoder.com.mx\/nw\/wp-json\/wp\/v2\/categories?post=115259"},{"taxonomy":"post_tag","embeddable":true,"href":"http:\/\/elcuartopoder.com.mx\/nw\/wp-json\/wp\/v2\/tags?post=115259"}],"curies":[{"name":"wp","href":"https:\/\/api.w.org\/{rel}","templated":true}]}}