{"id":116393,"date":"2023-03-24T19:25:43","date_gmt":"2023-03-25T00:25:43","guid":{"rendered":"http:\/\/elcuartopoder.com.mx\/nw\/?p=116393"},"modified":"2023-03-24T19:25:44","modified_gmt":"2023-03-25T00:25:44","slug":"hacer-que-las-cosas-sucedan","status":"publish","type":"post","link":"http:\/\/elcuartopoder.com.mx\/nw\/editorial\/hacer-que-las-cosas-sucedan\/","title":{"rendered":"Hacer que las cosas sucedan"},"content":{"rendered":"\n<p>Las interrupciones de flujos comerciales que ocurrieron durante la pandemia y sobre todo, los severos conflictos geopol\u00edticos entre EU y China, est\u00e1n forzando a empresas y gobiernos \u2013particularmente al de nuestro vecino\u2013 a redise\u00f1ar las cadenas de suministro de insumos; en M\u00e9xico ya se celebran los beneficios potenciales de ese reacomodo.<\/p>\n\n\n\n<p>El tema se ha puesto de moda bajo el t\u00e9rmino nearshoring, que consiste en que las empresas retiren de Asia sus fuentes de suministro de al menos los insumos cr\u00edticos, para reinstalarlas en pa\u00edses aliados y cercanos.<\/p>\n\n\n\n<p>Eso no estar\u00eda ocurriendo si no fuera por el temor a la fragmentaci\u00f3n de la econom\u00eda global, uno de cuyos ejes es China, y que generan las tensiones geopol\u00edticas causadas por la rivalidad entre el pa\u00eds asi\u00e1tico y Estados Unidos por el intento de EU de frenar el ascenso chino, que ya no representa una competencia econ\u00f3mica, financiera y geopol\u00edtica solo regional, sino a nivel planetario.<\/p>\n\n\n\n<p>A pesar de m\u00faltiples medidas restrictivas al comercio entre los dos pa\u00edses, los intercambios mercantiles de bienes y servicios a nivel global no se han modificado hasta ahora (se mantienen en niveles de 40 millones de millones de d\u00f3lares anuales), aunque es previsible que la confrontaci\u00f3n sino-estadounidense seguir\u00e1 y podr\u00eda profundizarse, lo que justifica el temor al riesgo de afectaciones a la interconexi\u00f3n econ\u00f3mica que se estableci\u00f3 a lo largo de treinta a\u00f1os, cuando se pensaba que la globalizaci\u00f3n hab\u00eda llegado para quedarse.<\/p>\n\n\n\n<p>La fragmentaci\u00f3n de la globalizaci\u00f3n reconfigurar\u00e1 bloques y regiones econ\u00f3micas, como lo hizo el T-MEC entre M\u00e9xico, EU y Canad\u00e1; las tres econom\u00edas \u201crepresentan casi una tercera parte del PIB mundial, un peso econ\u00f3mico 50 por ciento superior al de China, casi 60 por ciento m\u00e1s grande que el de toda la Uni\u00f3n Europea\u201d seg\u00fan escriben Antonio Ortiz-Mena y Diego Marroqu\u00edn en la revista Este Pa\u00eds (https:\/\/estepais.com\/tendencias_y_opiniones\/mexico-en-el-mundo\/relocalizacion-cadenas-suministro\/)<\/p>\n\n\n\n<p>Estamos en la regi\u00f3n m\u00e1s rica del planeta, como los socios m\u00e1s pobres y desorganizados para aprovechar esa posici\u00f3n en favor del desarrollo propio y socialmente equilibrado; van a ser treinta a\u00f1os desde la firma del TLC durante los cuales, las empresas y gobiernos de M\u00e9xico se conformaron con hacer de las exportaciones \u2013y no del mercado interno\u2013, el principal impulso del crecimiento econ\u00f3mico.<\/p>\n\n\n\n<p>Empresas y gobiernos se conformaron con atraer maquiladoras ofreci\u00e9ndoles disciplina de una fuerza laboral capacitada y barata, adem\u00e1s de cr\u00e9ditos fiscales y flexibilidad en normas ambientales; se conformaron tambi\u00e9n con alcanzar un nivel bajo de integraci\u00f3n de cadenas de valor internas.<\/p>\n\n\n\n<p>Se conformaron, en fin, con seguir la pauta y din\u00e1mica externas en ausencia de una pol\u00edtica industrial que mirara al interior de la sociedad, de la econom\u00eda y del territorio nacional.<\/p>\n\n\n\n<p>El crecimiento de las exportaciones se concentr\u00f3 en las regiones y entidades del centro y norte del pa\u00eds donde ya exist\u00edan caminos, transportes, energ\u00eda, universidades y dem\u00e1s infraestructura, porque tampoco hubo un proyecto econ\u00f3mico pol\u00edtico y social que contemplara hacer extensivo el impulso externo al crecimiento a estados como Chiapas, Campeche, Oaxaca, Quintana Roo, Tabasco, Veracruz o Yucat\u00e1n.<\/p>\n\n\n\n<p>En verdad que fueron muy malas empresas y gobiernos, supuestamente convencidos de que los mercados har\u00edan que las cosas sucedieran, cuando la realidad es que hay que hacer que sucedan como consecuencia de prop\u00f3sitos y compromisos; a ver si en esta nueva oportunidad establecen responsabilidades con la perspectiva de trascender la din\u00e1mica externa del crecimiento, para seguir un proyecto de desarrollo equilibrado con bases internas.<\/p>\n\n\n\n<p>Fuente: elfinanciero<\/p>\n","protected":false},"excerpt":{"rendered":"<p>Las interrupciones de flujos comerciales que ocurrieron durante la pandemia y sobre todo, los severos conflictos geopol\u00edticos entre EU y China, est\u00e1n forzando a empresas y gobiernos \u2013particularmente al de nuestro vecino\u2013 a redise\u00f1ar las cadenas de suministro de insumos; en M\u00e9xico ya se celebran los beneficios potenciales de ese reacomodo. El tema se ha [&hellip;]<\/p>\n","protected":false},"author":2,"featured_media":116394,"comment_status":"open","ping_status":"open","sticky":false,"template":"","format":"standard","meta":{"footnotes":""},"categories":[63],"tags":[],"class_list":["post-116393","post","type-post","status-publish","format-standard","has-post-thumbnail","hentry","category-editorial"],"_links":{"self":[{"href":"http:\/\/elcuartopoder.com.mx\/nw\/wp-json\/wp\/v2\/posts\/116393","targetHints":{"allow":["GET"]}}],"collection":[{"href":"http:\/\/elcuartopoder.com.mx\/nw\/wp-json\/wp\/v2\/posts"}],"about":[{"href":"http:\/\/elcuartopoder.com.mx\/nw\/wp-json\/wp\/v2\/types\/post"}],"author":[{"embeddable":true,"href":"http:\/\/elcuartopoder.com.mx\/nw\/wp-json\/wp\/v2\/users\/2"}],"replies":[{"embeddable":true,"href":"http:\/\/elcuartopoder.com.mx\/nw\/wp-json\/wp\/v2\/comments?post=116393"}],"version-history":[{"count":1,"href":"http:\/\/elcuartopoder.com.mx\/nw\/wp-json\/wp\/v2\/posts\/116393\/revisions"}],"predecessor-version":[{"id":116395,"href":"http:\/\/elcuartopoder.com.mx\/nw\/wp-json\/wp\/v2\/posts\/116393\/revisions\/116395"}],"wp:featuredmedia":[{"embeddable":true,"href":"http:\/\/elcuartopoder.com.mx\/nw\/wp-json\/wp\/v2\/media\/116394"}],"wp:attachment":[{"href":"http:\/\/elcuartopoder.com.mx\/nw\/wp-json\/wp\/v2\/media?parent=116393"}],"wp:term":[{"taxonomy":"category","embeddable":true,"href":"http:\/\/elcuartopoder.com.mx\/nw\/wp-json\/wp\/v2\/categories?post=116393"},{"taxonomy":"post_tag","embeddable":true,"href":"http:\/\/elcuartopoder.com.mx\/nw\/wp-json\/wp\/v2\/tags?post=116393"}],"curies":[{"name":"wp","href":"https:\/\/api.w.org\/{rel}","templated":true}]}}