{"id":116418,"date":"2023-03-25T10:29:12","date_gmt":"2023-03-25T15:29:12","guid":{"rendered":"http:\/\/elcuartopoder.com.mx\/nw\/?p=116418"},"modified":"2023-03-25T10:29:14","modified_gmt":"2023-03-25T15:29:14","slug":"inteligencia-artificial-mexico-es-un-pais-obsoleto-en-innovacion-y-revolucion-tecnologica","status":"publish","type":"post","link":"http:\/\/elcuartopoder.com.mx\/nw\/nacionales\/inteligencia-artificial-mexico-es-un-pais-obsoleto-en-innovacion-y-revolucion-tecnologica\/","title":{"rendered":"Inteligencia Artificial: M\u00e9xico es un pa\u00eds obsoleto en innovaci\u00f3n y revoluci\u00f3n tecnol\u00f3gica"},"content":{"rendered":"\n<p>Hace 20 a\u00f1os tener un celular era un lujo, hoy en d\u00eda es impensable vivir sin uno, no s\u00f3lo por la parte de la comunicaci\u00f3n r\u00e1pida, eficiente y multicanal (tel\u00e9fono, mensajer\u00eda, correo, redes sociales y videollamadas, todo en uno), sino porque en una generaci\u00f3n hemos llegado al punto de<strong>&nbsp;delegar&nbsp;algunos de nuestros procesos cognitivos a los dispositivos tecnol\u00f3gicos.<\/strong><\/p>\n\n\n\n<p>\u00bfCu\u00e1ntos n\u00fameros telef\u00f3nicos conocemos de memoria?, \u00bfhasta d\u00f3nde podemos llegar viajando sin una aplicaci\u00f3n de mapas?&nbsp;La&nbsp;<strong>Revoluci\u00f3n Industrial&nbsp;<\/strong>dur\u00f3 aproximadamente 20 a\u00f1os antes de que se estabilizaran los cambios radicales a los modelos industriales.<\/p>\n\n\n\n<p>Los 20 a\u00f1os que han transcurrido de la actual<strong>&nbsp;Revoluci\u00f3n Tecnol\u00f3gica<\/strong>&nbsp;son apenas la primera etapa, y la ola de&nbsp;<strong>nuevas tecnolog\u00edas<\/strong>&nbsp;que se viene lo demuestra. El&nbsp;<strong>reporte Big Ideas 2023,&nbsp;<\/strong>de la firma estadounidense ARK Invest, menciona dos conceptos interesantes, con los cuales debemos familiarizarnos:&nbsp;<strong>innovaci\u00f3n disruptiva y convergencia tecnol\u00f3gica.<\/strong><\/p>\n\n\n\n<p>El primero implica el dise\u00f1o de soluciones radicales a distintos problemas y necesidades humanas, las cuales tienden a modificar de forma dr\u00e1stica los modos tradicionales de hacer las cosas. El segundo concepto refiere a que estas tecnolog\u00edas no se desarrollan de forma independiente, sino que se han ido integrando y fortaleciendo mutuamente, de tal suerte que sea posible ejecutar ideas que antes no era posible materializar.<\/p>\n\n\n\n<p>Los desarrollos de<strong>&nbsp;inteligencia artificial<\/strong>&nbsp;est\u00e1n facilitando mejoras a sistemas utilizados para la edici\u00f3n de genes y para el rastreo de enfermedades, o el caso de la F\u00f3rmula 1, que est\u00e1 aplicando gemelos digitales (espacios virtuales para simulaci\u00f3n de escenarios) con el fin de medir en tiempo real el desempe\u00f1o de los veh\u00edculos para detectar fallos en piezas, las cuales son generadas mediante impresi\u00f3n 3D.<\/p>\n\n\n\n<p>Dataficaci\u00f3n, hiperconectividad, cadenas de bloques, reactores de fusi\u00f3n pr\u00e1ctica, realidad extendida, multi\u00f3mica, vacunas antibacterianas, sistemas digitales inmune; todas&nbsp;<strong>estas tecnolog\u00edas&nbsp;se est\u00e1n expandiendo a un ritmo vertiginoso<\/strong>, especialmente en cuatro campos: computaci\u00f3n, comunicaciones, biolog\u00eda (incluyendo salud) y energ\u00eda.<\/p>\n\n\n\n<p>Uno de los catalizadores centrales detr\u00e1s del contexto antes descrito ha sido el impulso brindado por varios gobiernos nacionales, lo mismo mediante la asignaci\u00f3n de fondos asignados espec\u00edficamente a\u00a0<strong>desarrollo tecnol\u00f3gico<\/strong>, que generando condiciones regulatorias y de pol\u00edtica p\u00fablica en materia de innovaci\u00f3n.<\/p>\n\n\n\n<h2 class=\"wp-block-heading\">M\u00e9xico se queda atr\u00e1s en la innovaci\u00f3n tecnol\u00f3gica&nbsp;<\/h2>\n\n\n\n<p>\u00bfQu\u00e9 pasa al respecto en nuestro pa\u00eds? Las \u00faltimas dos administraciones federales ciertamente no han dado muestra de que el tema sea una prioridad, el caso de la<strong>&nbsp;inteligencia artificial d<\/strong>a una buena muestra de ello.<\/p>\n\n\n\n<p>Durante la administraci\u00f3n de EPN se public\u00f3 la&nbsp;<strong>Estrategia de Inteligencia Artificial MX 2018<\/strong>, resaltando durante su lanzamiento que \u00e9ramos uno de los primeros 10 pa\u00edses en el mundo en contar con un instrumento de este tipo. Cinco a\u00f1os despu\u00e9s, esta delantera que se tom\u00f3 no ha tenido ning\u00fan impacto, lo cual se debe a dos razones fundamentales.<\/p>\n\n\n\n<p>Primero, el mencionado documento se public\u00f3 nueve meses antes de que concluyera la administraci\u00f3n, dej\u00e1ndola en la pr\u00e1ctica fuera del presupuesto federal, y por ende sin capacidad de ser accionable.<\/p>\n\n\n\n<p>Segundo, en el cambio de gobierno, no se retom\u00f3, dado que la prioridad fue la&nbsp;<strong>Estrategia Digital Nacional,<\/strong>&nbsp;orientada a lograr la conectividad a Internet de la mayor parte del territorio nacional (y en la cual, cabe se\u00f1alar, no se menciona una vez el concepto de \u201c<strong>inteligencia artificial<\/strong>\u201d).<\/p>\n\n\n\n<p>A manera de contraste, Per\u00fa y Chile publicaron sus<strong>&nbsp;estrategias sobre inteligencia artificial&nbsp;<\/strong>en 2021, tres a\u00f1os despu\u00e9s de M\u00e9xico, y el avance que han tenido ha sido sustancial.<\/p>\n\n\n\n<p>El escenario actual ha sido el t\u00edpico mexicano, \u201cque cada quien se rasque con sus u\u00f1as\u201d, siendo iniciativa de cada dependencia, o de cada estado, entrarle al tema.<\/p>\n\n\n\n<p>Dos ejemplos son el Servicio de Administraci\u00f3n Tributaria que durante esta administraci\u00f3n ha incrementado su capacidad de recaudaci\u00f3n, en parte, gracias a la<strong>&nbsp;integraci\u00f3n de inteligencia artificia<\/strong>l, y Guanajuato, donde se creo el Instituto de Innovaci\u00f3n, Ciencia y Emprendimiento, el cual fondea proyectos de&nbsp;<strong>desarrollo tecnol\u00f3gico,<\/strong>&nbsp;incluyendo especialmente, inteligencia artificial.<\/p>\n\n\n\n<p>Mientras no se tenga una pol\u00edtica nacional efectiva en el tema, nos quedaremos admirando como el resto del mundo sigue avanzando hacia el siglo XXII.<\/p>\n\n\n\n<p>Fuente: heraldodemexico<\/p>\n","protected":false},"excerpt":{"rendered":"<p>Hace 20 a\u00f1os tener un celular era un lujo, hoy en d\u00eda es impensable vivir sin uno, no s\u00f3lo por la parte de la comunicaci\u00f3n r\u00e1pida, eficiente y multicanal (tel\u00e9fono, mensajer\u00eda, correo, redes sociales y videollamadas, todo en uno), sino porque en una generaci\u00f3n hemos llegado al punto de&nbsp;delegar&nbsp;algunos de nuestros procesos cognitivos a los [&hellip;]<\/p>\n","protected":false},"author":2,"featured_media":116419,"comment_status":"open","ping_status":"open","sticky":false,"template":"","format":"standard","meta":{"footnotes":""},"categories":[55],"tags":[],"class_list":["post-116418","post","type-post","status-publish","format-standard","has-post-thumbnail","hentry","category-nacionales"],"_links":{"self":[{"href":"http:\/\/elcuartopoder.com.mx\/nw\/wp-json\/wp\/v2\/posts\/116418","targetHints":{"allow":["GET"]}}],"collection":[{"href":"http:\/\/elcuartopoder.com.mx\/nw\/wp-json\/wp\/v2\/posts"}],"about":[{"href":"http:\/\/elcuartopoder.com.mx\/nw\/wp-json\/wp\/v2\/types\/post"}],"author":[{"embeddable":true,"href":"http:\/\/elcuartopoder.com.mx\/nw\/wp-json\/wp\/v2\/users\/2"}],"replies":[{"embeddable":true,"href":"http:\/\/elcuartopoder.com.mx\/nw\/wp-json\/wp\/v2\/comments?post=116418"}],"version-history":[{"count":1,"href":"http:\/\/elcuartopoder.com.mx\/nw\/wp-json\/wp\/v2\/posts\/116418\/revisions"}],"predecessor-version":[{"id":116420,"href":"http:\/\/elcuartopoder.com.mx\/nw\/wp-json\/wp\/v2\/posts\/116418\/revisions\/116420"}],"wp:featuredmedia":[{"embeddable":true,"href":"http:\/\/elcuartopoder.com.mx\/nw\/wp-json\/wp\/v2\/media\/116419"}],"wp:attachment":[{"href":"http:\/\/elcuartopoder.com.mx\/nw\/wp-json\/wp\/v2\/media?parent=116418"}],"wp:term":[{"taxonomy":"category","embeddable":true,"href":"http:\/\/elcuartopoder.com.mx\/nw\/wp-json\/wp\/v2\/categories?post=116418"},{"taxonomy":"post_tag","embeddable":true,"href":"http:\/\/elcuartopoder.com.mx\/nw\/wp-json\/wp\/v2\/tags?post=116418"}],"curies":[{"name":"wp","href":"https:\/\/api.w.org\/{rel}","templated":true}]}}