{"id":116442,"date":"2023-03-26T09:53:36","date_gmt":"2023-03-26T14:53:36","guid":{"rendered":"http:\/\/elcuartopoder.com.mx\/nw\/?p=116442"},"modified":"2023-03-26T09:53:38","modified_gmt":"2023-03-26T14:53:38","slug":"participan-cancunenses-en-sexta-jornada-del-reciclaton","status":"publish","type":"post","link":"http:\/\/elcuartopoder.com.mx\/nw\/municipales\/participan-cancunenses-en-sexta-jornada-del-reciclaton\/","title":{"rendered":"PARTICIPAN CANCUNENSES EN SEXTA JORNADA DEL RECICLAT\u00d3N"},"content":{"rendered":"\n<p class=\"wp-block-paragraph\"><strong>Canc\u00fan, Q.Roo.-<\/strong>\u00a0Con la finalidad de fomentar la cultura del reciclaje y conservaci\u00f3n del medio ambiente, el Ayuntamiento de Benito Ju\u00e1rez, a trav\u00e9s de la Direcci\u00f3n General de Ecolog\u00eda, realiz\u00f3 la sexta jornada de \u201cReciclat\u00f3n\u201d 2023.<\/p>\n\n\n\n<p class=\"wp-block-paragraph\">Este s\u00e1bado, decenas de ciudadanos cancunenses acudieron a los siete centros de acopio ubicados en diferentes puntos estrat\u00e9gicos de la ciudad, para depositar sus diferentes materiales reciclables en cada uno de los contenedores correspondientes, como parte de la cultura de la reducci\u00f3n de generaci\u00f3n de basura, separaci\u00f3n de residuos y reciclaje de materiales.<\/p>\n\n\n\n<p class=\"wp-block-paragraph\">La directora de la dependencia, Tania Fern\u00e1ndez Moreno, record\u00f3 que \u00e9ste es un programa permanente que se realiza dos veces al mes para impulsar la conservaci\u00f3n del medio ambiente, adem\u00e1s invit\u00f3 a las y los cancunenses que no pudieron acudir el d\u00eda de hoy, a la pr\u00f3xima jornada que se llevar\u00e1 a cabo el 15 de abril.<\/p>\n\n\n\n<p class=\"wp-block-paragraph\">En esta edici\u00f3n los centros de acopio estuvieron localizados en la Explanada de la Secretar\u00eda de Educaci\u00f3n de Quintana Roo (SEQ); Pabell\u00f3n Cumbres; Conalep II; Walmart Pol\u00edgono Sur; Estacionamiento de la Gran Plaza; Estacionamiento de Chedraui Lak\u00b4in y el Estacionamiento del Centro Comercial Urban Center Canc\u00fan.<\/p>\n\n\n\n<figure class=\"wp-block-gallery has-nested-images columns-default is-cropped wp-block-gallery-1 is-layout-flex wp-block-gallery-is-layout-flex\">\n<figure class=\"wp-block-image size-large\"><img loading=\"lazy\" decoding=\"async\" width=\"1024\" height=\"722\" data-id=\"116443\" src=\"http:\/\/elcuartopoder.com.mx\/nw\/wp-content\/uploads\/2023\/03\/01-5-1024x722.jpeg\" alt=\"\" class=\"wp-image-116443\" srcset=\"http:\/\/elcuartopoder.com.mx\/nw\/wp-content\/uploads\/2023\/03\/01-5-1024x722.jpeg 1024w, http:\/\/elcuartopoder.com.mx\/nw\/wp-content\/uploads\/2023\/03\/01-5-300x212.jpeg 300w, http:\/\/elcuartopoder.com.mx\/nw\/wp-content\/uploads\/2023\/03\/01-5-768x542.jpeg 768w, http:\/\/elcuartopoder.com.mx\/nw\/wp-content\/uploads\/2023\/03\/01-5-100x70.jpeg 100w, http:\/\/elcuartopoder.com.mx\/nw\/wp-content\/uploads\/2023\/03\/01-5-696x491.jpeg 696w, http:\/\/elcuartopoder.com.mx\/nw\/wp-content\/uploads\/2023\/03\/01-5.jpeg 1280w\" sizes=\"auto, (max-width: 1024px) 100vw, 1024px\" \/><\/figure>\n\n\n\n<figure class=\"wp-block-image size-large\"><img loading=\"lazy\" decoding=\"async\" width=\"1024\" height=\"710\" data-id=\"116444\" src=\"http:\/\/elcuartopoder.com.mx\/nw\/wp-content\/uploads\/2023\/03\/02-5-1024x710.jpeg\" alt=\"\" class=\"wp-image-116444\" srcset=\"http:\/\/elcuartopoder.com.mx\/nw\/wp-content\/uploads\/2023\/03\/02-5-1024x710.jpeg 1024w, http:\/\/elcuartopoder.com.mx\/nw\/wp-content\/uploads\/2023\/03\/02-5-300x208.jpeg 300w, http:\/\/elcuartopoder.com.mx\/nw\/wp-content\/uploads\/2023\/03\/02-5-768x533.jpeg 768w, http:\/\/elcuartopoder.com.mx\/nw\/wp-content\/uploads\/2023\/03\/02-5-100x70.jpeg 100w, http:\/\/elcuartopoder.com.mx\/nw\/wp-content\/uploads\/2023\/03\/02-5-218x150.jpeg 218w, http:\/\/elcuartopoder.com.mx\/nw\/wp-content\/uploads\/2023\/03\/02-5-696x483.jpeg 696w, http:\/\/elcuartopoder.com.mx\/nw\/wp-content\/uploads\/2023\/03\/02-5.jpeg 1280w\" sizes=\"auto, (max-width: 1024px) 100vw, 1024px\" \/><\/figure>\n\n\n\n<figure class=\"wp-block-image size-large\"><img loading=\"lazy\" decoding=\"async\" width=\"1024\" height=\"746\" data-id=\"116445\" src=\"http:\/\/elcuartopoder.com.mx\/nw\/wp-content\/uploads\/2023\/03\/03-4-1024x746.jpeg\" alt=\"\" class=\"wp-image-116445\" srcset=\"http:\/\/elcuartopoder.com.mx\/nw\/wp-content\/uploads\/2023\/03\/03-4-1024x746.jpeg 1024w, http:\/\/elcuartopoder.com.mx\/nw\/wp-content\/uploads\/2023\/03\/03-4-300x218.jpeg 300w, http:\/\/elcuartopoder.com.mx\/nw\/wp-content\/uploads\/2023\/03\/03-4-768x559.jpeg 768w, http:\/\/elcuartopoder.com.mx\/nw\/wp-content\/uploads\/2023\/03\/03-4-324x235.jpeg 324w, http:\/\/elcuartopoder.com.mx\/nw\/wp-content\/uploads\/2023\/03\/03-4-696x507.jpeg 696w, http:\/\/elcuartopoder.com.mx\/nw\/wp-content\/uploads\/2023\/03\/03-4.jpeg 1280w\" sizes=\"auto, (max-width: 1024px) 100vw, 1024px\" \/><\/figure>\n\n\n\n<figure class=\"wp-block-image size-large\"><img loading=\"lazy\" decoding=\"async\" width=\"1024\" height=\"714\" data-id=\"116446\" src=\"http:\/\/elcuartopoder.com.mx\/nw\/wp-content\/uploads\/2023\/03\/04-3-1024x714.jpeg\" alt=\"\" class=\"wp-image-116446\" srcset=\"http:\/\/elcuartopoder.com.mx\/nw\/wp-content\/uploads\/2023\/03\/04-3-1024x714.jpeg 1024w, http:\/\/elcuartopoder.com.mx\/nw\/wp-content\/uploads\/2023\/03\/04-3-300x209.jpeg 300w, http:\/\/elcuartopoder.com.mx\/nw\/wp-content\/uploads\/2023\/03\/04-3-768x536.jpeg 768w, http:\/\/elcuartopoder.com.mx\/nw\/wp-content\/uploads\/2023\/03\/04-3-100x70.jpeg 100w, http:\/\/elcuartopoder.com.mx\/nw\/wp-content\/uploads\/2023\/03\/04-3-696x486.jpeg 696w, http:\/\/elcuartopoder.com.mx\/nw\/wp-content\/uploads\/2023\/03\/04-3.jpeg 1280w\" sizes=\"auto, (max-width: 1024px) 100vw, 1024px\" \/><\/figure>\n<\/figure>\n","protected":false},"excerpt":{"rendered":"<p>Canc\u00fan, Q.Roo.-\u00a0Con la finalidad de fomentar la cultura del reciclaje y conservaci\u00f3n del medio ambiente, el Ayuntamiento de Benito Ju\u00e1rez, a trav\u00e9s de la Direcci\u00f3n General de Ecolog\u00eda, realiz\u00f3 la sexta jornada de \u201cReciclat\u00f3n\u201d 2023. Este s\u00e1bado, decenas de ciudadanos cancunenses acudieron a los siete centros de acopio ubicados en diferentes puntos estrat\u00e9gicos de la [&hellip;]<\/p>\n","protected":false},"author":2,"featured_media":116445,"comment_status":"open","ping_status":"open","sticky":false,"template":"","format":"standard","meta":{"footnotes":""},"categories":[6],"tags":[],"class_list":["post-116442","post","type-post","status-publish","format-standard","has-post-thumbnail","hentry","category-municipales"],"_links":{"self":[{"href":"http:\/\/elcuartopoder.com.mx\/nw\/wp-json\/wp\/v2\/posts\/116442","targetHints":{"allow":["GET"]}}],"collection":[{"href":"http:\/\/elcuartopoder.com.mx\/nw\/wp-json\/wp\/v2\/posts"}],"about":[{"href":"http:\/\/elcuartopoder.com.mx\/nw\/wp-json\/wp\/v2\/types\/post"}],"author":[{"embeddable":true,"href":"http:\/\/elcuartopoder.com.mx\/nw\/wp-json\/wp\/v2\/users\/2"}],"replies":[{"embeddable":true,"href":"http:\/\/elcuartopoder.com.mx\/nw\/wp-json\/wp\/v2\/comments?post=116442"}],"version-history":[{"count":1,"href":"http:\/\/elcuartopoder.com.mx\/nw\/wp-json\/wp\/v2\/posts\/116442\/revisions"}],"predecessor-version":[{"id":116447,"href":"http:\/\/elcuartopoder.com.mx\/nw\/wp-json\/wp\/v2\/posts\/116442\/revisions\/116447"}],"wp:featuredmedia":[{"embeddable":true,"href":"http:\/\/elcuartopoder.com.mx\/nw\/wp-json\/wp\/v2\/media\/116445"}],"wp:attachment":[{"href":"http:\/\/elcuartopoder.com.mx\/nw\/wp-json\/wp\/v2\/media?parent=116442"}],"wp:term":[{"taxonomy":"category","embeddable":true,"href":"http:\/\/elcuartopoder.com.mx\/nw\/wp-json\/wp\/v2\/categories?post=116442"},{"taxonomy":"post_tag","embeddable":true,"href":"http:\/\/elcuartopoder.com.mx\/nw\/wp-json\/wp\/v2\/tags?post=116442"}],"curies":[{"name":"wp","href":"https:\/\/api.w.org\/{rel}","templated":true}]}}