{"id":116461,"date":"2023-03-26T19:54:43","date_gmt":"2023-03-27T00:54:43","guid":{"rendered":"http:\/\/elcuartopoder.com.mx\/nw\/?p=116461"},"modified":"2023-03-26T19:54:45","modified_gmt":"2023-03-27T00:54:45","slug":"anuncia-mara-lezama-jornada-humanitaria-de-operaciones-de-cataratas","status":"publish","type":"post","link":"http:\/\/elcuartopoder.com.mx\/nw\/estatales\/anuncia-mara-lezama-jornada-humanitaria-de-operaciones-de-cataratas\/","title":{"rendered":"Anuncia Mara Lezama Jornada Humanitaria de Operaciones de Cataratas"},"content":{"rendered":"\n<p>Chetumal.- La gobernadora de Quintana Roo Mara Lezama Espinosa,<br>anunci\u00f3 que gracias a las gestiones del DIF estatal ante una fundaci\u00f3n contra la Ceguera se realizar\u00e1 la intervenci\u00f3n quir\u00fargica de 323 pacientes con cataratas del 27 al 31 de marzo en el Hospital General de Canc\u00fan.<\/p>\n\n\n\n<p>Las Jornadas Humanitarias de Operaciones de Catarata 2023, las realiza el DIF estatal que preside Ver\u00f3nica Lezama Espinoza en coordinaci\u00f3n con la Secretar\u00eda Estatal de Salud (SESA) y Swiss Foundation Agaist Blindness in M\u00e9xico, acciones que devolver\u00e1n la luz y la esperanza de una mejor calidad de vida a las y los ciudadanos que participan.<\/p>\n\n\n\n<p>\u201cHemos logrado que m\u00e9dicos oftalm\u00f3logos suizos y mexicanos, reconocidos en todo el mundo, hagan posible que 323 quintanarroenses sean operados, reciban lentes intraoculares y recuperen la vista y con ello la oportunidad de vivir sin esta limitaci\u00f3n, volviendo a ver n\u00edtidamente el rostro del amor de sus familiares y sus seres queridos\u201d, destac\u00f3 la Gobernadora.<\/p>\n\n\n\n<p>Mara Lezama se\u00f1al\u00f3 que desde mes de noviembre del 2022, iniciaron as valoraciones oftalmol\u00f3gicas en los 11 municipios del estado y durante el mes de febrero y marzo de este a\u00f1o se realizaron de forma gratuita en coordinaci\u00f3n con la SESA y el IMSS, estudios preoperatorios (laboratorios), rayos x, electrocardiograma, valoraci\u00f3n por medicina interna y anestesiolog\u00eda.<\/p>\n\n\n\n<p>\u201cAgradecemos al Dr. Alexander Heuberger, a Norma Arag\u00f3n G\u00f3mez y a todas las y los m\u00e9dicos y voluntarios que forman parte de esta fundaci\u00f3n, que har\u00e1n posible este milagro\u201d, mencion\u00f3.<\/p>\n\n\n\n<p>Anunci\u00f3 que durante una semana completa se realizar\u00e1n las operaciones en los 3 quir\u00f3fanos en el Hospital General de Canc\u00fan.<\/p>\n\n\n\n<p>\u201cComo parte del Nuevo Acuerdo por el bienestar y desarrollo de Quintana Roo, seguimos gestionando con esta maravillosa Fundaci\u00f3n que cada vez haya m\u00e1s operaciones en Quintana Roo, para cambiar la vida de la gente en el sur y norte de nuestro estado\u201d, a\u00f1adi\u00f3.<\/p>\n","protected":false},"excerpt":{"rendered":"<p>Chetumal.- La gobernadora de Quintana Roo Mara Lezama Espinosa,anunci\u00f3 que gracias a las gestiones del DIF estatal ante una fundaci\u00f3n contra la Ceguera se realizar\u00e1 la intervenci\u00f3n quir\u00fargica de 323 pacientes con cataratas del 27 al 31 de marzo en el Hospital General de Canc\u00fan. Las Jornadas Humanitarias de Operaciones de Catarata 2023, las realiza [&hellip;]<\/p>\n","protected":false},"author":2,"featured_media":116462,"comment_status":"open","ping_status":"open","sticky":false,"template":"","format":"standard","meta":{"footnotes":""},"categories":[60],"tags":[],"class_list":["post-116461","post","type-post","status-publish","format-standard","has-post-thumbnail","hentry","category-estatales"],"_links":{"self":[{"href":"http:\/\/elcuartopoder.com.mx\/nw\/wp-json\/wp\/v2\/posts\/116461","targetHints":{"allow":["GET"]}}],"collection":[{"href":"http:\/\/elcuartopoder.com.mx\/nw\/wp-json\/wp\/v2\/posts"}],"about":[{"href":"http:\/\/elcuartopoder.com.mx\/nw\/wp-json\/wp\/v2\/types\/post"}],"author":[{"embeddable":true,"href":"http:\/\/elcuartopoder.com.mx\/nw\/wp-json\/wp\/v2\/users\/2"}],"replies":[{"embeddable":true,"href":"http:\/\/elcuartopoder.com.mx\/nw\/wp-json\/wp\/v2\/comments?post=116461"}],"version-history":[{"count":1,"href":"http:\/\/elcuartopoder.com.mx\/nw\/wp-json\/wp\/v2\/posts\/116461\/revisions"}],"predecessor-version":[{"id":116463,"href":"http:\/\/elcuartopoder.com.mx\/nw\/wp-json\/wp\/v2\/posts\/116461\/revisions\/116463"}],"wp:featuredmedia":[{"embeddable":true,"href":"http:\/\/elcuartopoder.com.mx\/nw\/wp-json\/wp\/v2\/media\/116462"}],"wp:attachment":[{"href":"http:\/\/elcuartopoder.com.mx\/nw\/wp-json\/wp\/v2\/media?parent=116461"}],"wp:term":[{"taxonomy":"category","embeddable":true,"href":"http:\/\/elcuartopoder.com.mx\/nw\/wp-json\/wp\/v2\/categories?post=116461"},{"taxonomy":"post_tag","embeddable":true,"href":"http:\/\/elcuartopoder.com.mx\/nw\/wp-json\/wp\/v2\/tags?post=116461"}],"curies":[{"name":"wp","href":"https:\/\/api.w.org\/{rel}","templated":true}]}}