{"id":116480,"date":"2023-03-27T20:05:19","date_gmt":"2023-03-28T01:05:19","guid":{"rendered":"http:\/\/elcuartopoder.com.mx\/nw\/?p=116480"},"modified":"2023-03-27T20:05:23","modified_gmt":"2023-03-28T01:05:23","slug":"mexico-sera-sancionado-por-no-proteger-a-la-vaquita-marina","status":"publish","type":"post","link":"http:\/\/elcuartopoder.com.mx\/nw\/nacionales\/mexico-sera-sancionado-por-no-proteger-a-la-vaquita-marina\/","title":{"rendered":"M\u00e9xico ser\u00e1 sancionado por no proteger a la vaquita marina"},"content":{"rendered":"\n<p>Este s\u00e1bado, M\u00e9xico reconoci\u00f3 que enfrenta sanciones de la&nbsp;Convenci\u00f3n sobre el Comercio Internacional de Especies Amenazadas de Fauna y Flora Silvestres (CITES, por sus siglas en ingl\u00e9s) por<strong>&nbsp;no hacer lo suficiente para proteger a la vaquita marina<\/strong>, el mam\u00edfero marino en mayor peligro de extinci\u00f3n en el mundo.<\/p>\n\n\n\n<p>De acuerdo con informaci\u00f3n, las sanciones a\u00fan no se anuncian, pero podr\u00edan&nbsp;dificultarle al pa\u00eds exportar algunos productos regulados de animales y plantas como las pieles de cocodrilo o de v\u00edbora, las orqu\u00eddeas y los cactus.<\/p>\n\n\n\n<p>Cabe mencionar que especies comerciales de mariscos como el camar\u00f3n no se ver\u00edan afectadas, pero el fallo sienta un precedente y algunos grupos est\u00e1n ejerciendo presi\u00f3n para que se apliquen&nbsp;<strong>prohibiciones a la importaci\u00f3n de mariscos<\/strong>.<\/p>\n\n\n\n<p>\u201cAunque a nadie le gustan las sanciones que generen dolor econ\u00f3mico, todas las otras iniciativas para impulsar a M\u00e9xico a que salve a la vaquita han fracasado\u201d, dijo Sarah Uhlemann, directora de programas internacionales en el Centro para la Biodiversidad Biol\u00f3gica.<\/p>\n\n\n\n<p>\u201cEsperamos que estas medidas en\u00e9rgicas hagan que el gobierno mexicano despierte\u201d.<\/p>\n\n\n\n<p>A trav\u00e9s de un comunicado, la Secretar\u00eda de Relaciones Exteriores (SRE) de M\u00e9xico indic\u00f3 que la CITES \u201cno considera adecuado\u201d el plan mexicano para proteger a esta marsopa, y se\u00f1al\u00f3 que la resoluci\u00f3n completa \u201cser\u00e1 dada a conocer oficialmente la siguiente semana\u201d.<\/p>\n\n\n\n<p>Adem\u00e1s, consider\u00f3 que la resoluci\u00f3n representa \u201cun trato inequitativo hacia nuestro pa\u00eds al no tomar en cuenta el esfuerzo exhaustivo y las m\u00faltiples acciones que se han realizado\u201d.<\/p>\n\n\n\n<p>Con base en&nbsp;diversos estudios,&nbsp;<strong>podr\u00edan quedar solamente ocho vaquitas en el Golfo de California<\/strong>&nbsp;(al que tambi\u00e9n se le llama Mar de Cort\u00e9s), el \u00fanico sitio del planeta donde viven. Suelen enredarse en las llamadas redes agalleras de pesca, lo que provoca que se ahoguen.<\/p>\n\n\n\n<p>Recientemente, M\u00e9xico present\u00f3 un plan de protecci\u00f3n revisado a la CITES, despu\u00e9s de que esa convenci\u00f3n rechaz\u00f3 una versi\u00f3n previa.<\/p>\n\n\n\n<p>El plan del pa\u00eds latinoamericano se\u00f1ala que una de sus principales prioridades es establecer t\u00e9cnicas alternativas de pesca que no incluyan esas redes.<\/p>\n\n\n\n<h2 class=\"wp-block-heading\">Destacan medidas irregulares del gobierno<\/h2>\n\n\n\n<p>Sin embargo, en la realidad las medidas gubernamentales para proteger a la marsopa han sido irregulares, en el mejor de los casos, y con frecuencia enfrentan oposici\u00f3n violenta por parte de los pescadores locales.<\/p>\n\n\n\n<p>El gobierno del presidente L\u00f3pez Obrador se ha negado a gastar dinero para compensar a los pescadores con el fin de que se mantengan fuera del refugio de las vaquitas y dejen de utilizar redes agalleras.<\/p>\n\n\n\n<p>Las redes son colocadas ilegalmente para capturar totoaba, un pez cuyas vejigas natatorias son consideradas un platillo exquisito en China y valen miles de d\u00f3lares la libra (0,45 kilogramos).<\/p>\n\n\n\n<p>Tambi\u00e9n el gobierno ha hundido bloques de concreto con ganchos para que arrastren consigo las redes ilegales en la \u00faltima zona del Golfo de California en la que se han visto vaquitas.<\/p>\n\n\n\n<h2 class=\"wp-block-heading\">Activistas alertan sobre la situaci\u00f3n que viven las vaquitas marinas&nbsp;<\/h2>\n\n\n\n<p>Por su parte, el grupo activista\u00a0Sea Shepherd,\u00a0que se ha unido a la Armada mexicana en patrullajes para desalentar a los pescadores y ayudar a destruir las redes agalleras, dice que las medidas han reducido exitosamente la pesca con dichas redes, pero con la cantidad tan peque\u00f1a de vaquitas que a\u00fan viven, eso podr\u00eda ser insuficiente.<\/p>\n","protected":false},"excerpt":{"rendered":"<p>Este s\u00e1bado, M\u00e9xico reconoci\u00f3 que enfrenta sanciones de la&nbsp;Convenci\u00f3n sobre el Comercio Internacional de Especies Amenazadas de Fauna y Flora Silvestres (CITES, por sus siglas en ingl\u00e9s) por&nbsp;no hacer lo suficiente para proteger a la vaquita marina, el mam\u00edfero marino en mayor peligro de extinci\u00f3n en el mundo. De acuerdo con informaci\u00f3n, las sanciones a\u00fan [&hellip;]<\/p>\n","protected":false},"author":2,"featured_media":116481,"comment_status":"open","ping_status":"open","sticky":false,"template":"","format":"standard","meta":{"footnotes":""},"categories":[55],"tags":[],"class_list":["post-116480","post","type-post","status-publish","format-standard","has-post-thumbnail","hentry","category-nacionales"],"_links":{"self":[{"href":"http:\/\/elcuartopoder.com.mx\/nw\/wp-json\/wp\/v2\/posts\/116480","targetHints":{"allow":["GET"]}}],"collection":[{"href":"http:\/\/elcuartopoder.com.mx\/nw\/wp-json\/wp\/v2\/posts"}],"about":[{"href":"http:\/\/elcuartopoder.com.mx\/nw\/wp-json\/wp\/v2\/types\/post"}],"author":[{"embeddable":true,"href":"http:\/\/elcuartopoder.com.mx\/nw\/wp-json\/wp\/v2\/users\/2"}],"replies":[{"embeddable":true,"href":"http:\/\/elcuartopoder.com.mx\/nw\/wp-json\/wp\/v2\/comments?post=116480"}],"version-history":[{"count":1,"href":"http:\/\/elcuartopoder.com.mx\/nw\/wp-json\/wp\/v2\/posts\/116480\/revisions"}],"predecessor-version":[{"id":116482,"href":"http:\/\/elcuartopoder.com.mx\/nw\/wp-json\/wp\/v2\/posts\/116480\/revisions\/116482"}],"wp:featuredmedia":[{"embeddable":true,"href":"http:\/\/elcuartopoder.com.mx\/nw\/wp-json\/wp\/v2\/media\/116481"}],"wp:attachment":[{"href":"http:\/\/elcuartopoder.com.mx\/nw\/wp-json\/wp\/v2\/media?parent=116480"}],"wp:term":[{"taxonomy":"category","embeddable":true,"href":"http:\/\/elcuartopoder.com.mx\/nw\/wp-json\/wp\/v2\/categories?post=116480"},{"taxonomy":"post_tag","embeddable":true,"href":"http:\/\/elcuartopoder.com.mx\/nw\/wp-json\/wp\/v2\/tags?post=116480"}],"curies":[{"name":"wp","href":"https:\/\/api.w.org\/{rel}","templated":true}]}}