{"id":117700,"date":"2023-05-04T08:33:45","date_gmt":"2023-05-04T13:33:45","guid":{"rendered":"http:\/\/elcuartopoder.com.mx\/nw\/?p=117700"},"modified":"2023-05-04T09:36:12","modified_gmt":"2023-05-04T14:36:12","slug":"dos-quintanarroenses-ganadores-absolutos-de-la-copa-winjet-en-cozumel","status":"publish","type":"post","link":"http:\/\/elcuartopoder.com.mx\/nw\/entretenimiento\/deportes\/dos-quintanarroenses-ganadores-absolutos-de-la-copa-winjet-en-cozumel\/","title":{"rendered":"Dos quintanarroenses, ganadores absolutos de la Copa Winjet en Cozumel"},"content":{"rendered":"\n<p>Los<strong>&nbsp;veleristas quintanarroenses<\/strong>&nbsp;Isabella Niero y Jer\u00f3nimo Abogado, fueron los triunfadores de la&nbsp;<strong>Copa WinJet en Cozumel<\/strong>, obteniendo su clasificaci\u00f3n a la selecci\u00f3n nacional de la categor\u00eda iQFOiL, de cara a competir en el Mundial Juvenil, que se celebrar\u00e1 en Brasil del 8 al 15 de diciembre.<\/p>\n\n\n\n<p>Los competidores, que son referentes en la disciplina, mantienen una importante racha ganadora y est\u00e1n firmes para ser protagonistas y entre los favoritos para conseguir oro en los pr\u00f3ximos Juegos Nacionales.<\/p>\n\n\n\n<p>Ambos atletas son del Club de Vela de Puerto Aventuras, los cuales fueron dirigidos por el entrenador Tony Ramos; confirman, el gran momento por el cual atraviesan los veleristas y aseguran que van por su s\u00e9ptimo campeonato absoluto.<\/p>\n\n\n\n<p>\u201cEstamos contentos de poder representar al pa\u00eds en un Mundial, una competencia que ser\u00e1 fuerte y con un alto nivel competitivo; sin embargo, tenemos mucha calidad y vamos por todo a ganar un lugar\u201d, coment\u00f3 Niero.<\/p>\n\n\n\n<figure class=\"wp-block-image\"><img decoding=\"async\" src=\"https:\/\/images.sipse.com\/LS-QiSQvU7sU1eR-Z5dna2DG-98=\/fit-in\/580x500\/2023\/05\/03\/1683147915087.jpg\" alt=\"\"\/><\/figure>\n\n\n\n<p>La competencia fue de 8 pruebas, cuatro en s\u00e1bado y cuatro en domingo en la&nbsp;<strong>divisi\u00f3n IQFOiL Class Juvenil<\/strong>, donde Isabella Niero y Jer\u00f3nimo Abogado, demostraron su calidad y el porqu\u00e9 son actualmente los seleccionados nacionales juveniles que representaron a M\u00e9xico en los Primeros Juegos Sudamericanos Juveniles, donde Niero obtuvo tercer lugar, en tanto Abogado qued\u00f3 entre el Top Ten del evento internacional.<\/p>\n\n\n\n<p>Jer\u00f3nimo Abogado, con esta victoria en&nbsp;<strong>Cozumel<\/strong>, toma un nuevo aire y nueva motivaci\u00f3n, ya que se encuentra peleando tambi\u00e9n por un puesto en la selecci\u00f3n mexicana que competir\u00e1 pr\u00f3ximamente en los<strong>&nbsp;Juegos Panamericanos de Santiago 2023<\/strong>.<\/p>\n\n\n\n<p>Ambos competidores tienen amplias posibilidades de llegar al Mundial, pero adem\u00e1s de seguir sumando puntos para el ranking y estar entre los mejores veleristas del pa\u00eds y asistir a Juegos Ol\u00edmpicos.\u00a0<\/p>\n\n\n\n<p>Fuente: SIPSE<\/p>\n","protected":false},"excerpt":{"rendered":"<p>Los&nbsp;veleristas quintanarroenses&nbsp;Isabella Niero y Jer\u00f3nimo Abogado, fueron los triunfadores de la&nbsp;Copa WinJet en Cozumel, obteniendo su clasificaci\u00f3n a la selecci\u00f3n nacional de la categor\u00eda iQFOiL, de cara a competir en el Mundial Juvenil, que se celebrar\u00e1 en Brasil del 8 al 15 de diciembre. Los competidores, que son referentes en la disciplina, mantienen una importante [&hellip;]<\/p>\n","protected":false},"author":2,"featured_media":117701,"comment_status":"open","ping_status":"open","sticky":false,"template":"","format":"standard","meta":{"footnotes":""},"categories":[7],"tags":[],"class_list":["post-117700","post","type-post","status-publish","format-standard","has-post-thumbnail","hentry","category-deportes"],"_links":{"self":[{"href":"http:\/\/elcuartopoder.com.mx\/nw\/wp-json\/wp\/v2\/posts\/117700","targetHints":{"allow":["GET"]}}],"collection":[{"href":"http:\/\/elcuartopoder.com.mx\/nw\/wp-json\/wp\/v2\/posts"}],"about":[{"href":"http:\/\/elcuartopoder.com.mx\/nw\/wp-json\/wp\/v2\/types\/post"}],"author":[{"embeddable":true,"href":"http:\/\/elcuartopoder.com.mx\/nw\/wp-json\/wp\/v2\/users\/2"}],"replies":[{"embeddable":true,"href":"http:\/\/elcuartopoder.com.mx\/nw\/wp-json\/wp\/v2\/comments?post=117700"}],"version-history":[{"count":2,"href":"http:\/\/elcuartopoder.com.mx\/nw\/wp-json\/wp\/v2\/posts\/117700\/revisions"}],"predecessor-version":[{"id":117703,"href":"http:\/\/elcuartopoder.com.mx\/nw\/wp-json\/wp\/v2\/posts\/117700\/revisions\/117703"}],"wp:featuredmedia":[{"embeddable":true,"href":"http:\/\/elcuartopoder.com.mx\/nw\/wp-json\/wp\/v2\/media\/117701"}],"wp:attachment":[{"href":"http:\/\/elcuartopoder.com.mx\/nw\/wp-json\/wp\/v2\/media?parent=117700"}],"wp:term":[{"taxonomy":"category","embeddable":true,"href":"http:\/\/elcuartopoder.com.mx\/nw\/wp-json\/wp\/v2\/categories?post=117700"},{"taxonomy":"post_tag","embeddable":true,"href":"http:\/\/elcuartopoder.com.mx\/nw\/wp-json\/wp\/v2\/tags?post=117700"}],"curies":[{"name":"wp","href":"https:\/\/api.w.org\/{rel}","templated":true}]}}