{"id":118079,"date":"2023-05-17T09:00:35","date_gmt":"2023-05-17T14:00:35","guid":{"rendered":"http:\/\/elcuartopoder.com.mx\/nw\/?p=118079"},"modified":"2023-05-17T09:00:37","modified_gmt":"2023-05-17T14:00:37","slug":"dictan-formal-prision-a-el-senor-consuegro-del-chapo-guzman","status":"publish","type":"post","link":"http:\/\/elcuartopoder.com.mx\/nw\/policiacas\/dictan-formal-prision-a-el-senor-consuegro-del-chapo-guzman\/","title":{"rendered":"Dictan formal prisi\u00f3n a \u2018El Se\u00f1or\u2019, consuegro del \u2018Chapo\u2019 Guzm\u00e1n"},"content":{"rendered":"\n<p><strong>CIUDAD DE M\u00c9XICO, MX.-\u00a0<\/strong>Un juez federal dict\u00f3 auto de formal prisi\u00f3n en contra de V\u00edctor Manuel F\u00e9lix F\u00e9lix, alias el El Se\u00f1or, consuegro de Joaqu\u00edn \u201cEl Chapo\u201d Guzm\u00e1n por delincuencia organizada en su hip\u00f3tesis de delitos contra la salud y lavado de dinero.<\/p>\n\n\n\n<p>El Juzgado Primero de Distrito de Procesos Penales Federales en el Estado de Tamaulipas con sede en Matamoros determin\u00f3 la medida tambi\u00e9n por su probable responsabilidad en operaciones con recursos de procedencia il\u00edcita.<\/p>\n\n\n\n<p>Victor Manuel F\u00e9lix, tambi\u00e9n identificado como Ra\u00fal Castro Rodr\u00edguez, fue deportado de Estados Unidos el pasado 2 de mayo y detenido por las autoridades mexicanas en el Puente de San Ysidro, en Tijuana, Baja California, el mismo d\u00eda, inform\u00f3 este martes la Fiscal\u00eda General de la Rep\u00fablica (FGR).<\/p>\n\n\n\n<p>El consuegro de \u201cEl Chapo\u201d cumpl\u00eda una condena en Estados Unidos desde 2018, cuando fue sentenciado a 14 a\u00f1os en prisi\u00f3n tras declararse culpable por cargos de narcotr\u00e1fico y de lavado de dinero a favor del c\u00e1rtel de Sinaloa.<\/p>\n\n\n\n<p>Sin embargo, fue liberado por buena conducta y deportado a M\u00e9xico, donde polic\u00edas de la Agencia de Investigaci\u00f3n Criminal (AIC) lo capturaron a inicios de mayo e internaron en el Centro Federal de Readaptaci\u00f3n Social N\u00famero 14 Durango.<\/p>\n\n\n\n<p>Actualmente, las investigaciones lo vinculan con una organizaci\u00f3n delictiva, para la que presuntamente realizaba movimientos bancarios en Texas, Nueva York, y California en EU; as\u00ed como Canc\u00fan, Guadalajara, y en la Ciudad de M\u00e9xico.<\/p>\n\n\n\n<p>Para ello, utilizaba casas de cambio y empresas mercantiles para ocultar la procedencia de los recursos, detall\u00f3 la FGR.<\/p>\n","protected":false},"excerpt":{"rendered":"<p>CIUDAD DE M\u00c9XICO, MX.-\u00a0Un juez federal dict\u00f3 auto de formal prisi\u00f3n en contra de V\u00edctor Manuel F\u00e9lix F\u00e9lix, alias el El Se\u00f1or, consuegro de Joaqu\u00edn \u201cEl Chapo\u201d Guzm\u00e1n por delincuencia organizada en su hip\u00f3tesis de delitos contra la salud y lavado de dinero. El Juzgado Primero de Distrito de Procesos Penales Federales en el Estado [&hellip;]<\/p>\n","protected":false},"author":2,"featured_media":118080,"comment_status":"open","ping_status":"open","sticky":false,"template":"","format":"standard","meta":{"footnotes":""},"categories":[23],"tags":[],"class_list":["post-118079","post","type-post","status-publish","format-standard","has-post-thumbnail","hentry","category-policiacas"],"_links":{"self":[{"href":"http:\/\/elcuartopoder.com.mx\/nw\/wp-json\/wp\/v2\/posts\/118079","targetHints":{"allow":["GET"]}}],"collection":[{"href":"http:\/\/elcuartopoder.com.mx\/nw\/wp-json\/wp\/v2\/posts"}],"about":[{"href":"http:\/\/elcuartopoder.com.mx\/nw\/wp-json\/wp\/v2\/types\/post"}],"author":[{"embeddable":true,"href":"http:\/\/elcuartopoder.com.mx\/nw\/wp-json\/wp\/v2\/users\/2"}],"replies":[{"embeddable":true,"href":"http:\/\/elcuartopoder.com.mx\/nw\/wp-json\/wp\/v2\/comments?post=118079"}],"version-history":[{"count":1,"href":"http:\/\/elcuartopoder.com.mx\/nw\/wp-json\/wp\/v2\/posts\/118079\/revisions"}],"predecessor-version":[{"id":118081,"href":"http:\/\/elcuartopoder.com.mx\/nw\/wp-json\/wp\/v2\/posts\/118079\/revisions\/118081"}],"wp:featuredmedia":[{"embeddable":true,"href":"http:\/\/elcuartopoder.com.mx\/nw\/wp-json\/wp\/v2\/media\/118080"}],"wp:attachment":[{"href":"http:\/\/elcuartopoder.com.mx\/nw\/wp-json\/wp\/v2\/media?parent=118079"}],"wp:term":[{"taxonomy":"category","embeddable":true,"href":"http:\/\/elcuartopoder.com.mx\/nw\/wp-json\/wp\/v2\/categories?post=118079"},{"taxonomy":"post_tag","embeddable":true,"href":"http:\/\/elcuartopoder.com.mx\/nw\/wp-json\/wp\/v2\/tags?post=118079"}],"curies":[{"name":"wp","href":"https:\/\/api.w.org\/{rel}","templated":true}]}}