{"id":118097,"date":"2023-05-17T09:51:10","date_gmt":"2023-05-17T14:51:10","guid":{"rendered":"http:\/\/elcuartopoder.com.mx\/nw\/?p=118097"},"modified":"2023-05-17T09:51:14","modified_gmt":"2023-05-17T14:51:14","slug":"uno-de-cada-10-jovenes-que-sufren-brote-psicotico-intenta-suicidarse-antes-de-2-anos-estudio","status":"publish","type":"post","link":"http:\/\/elcuartopoder.com.mx\/nw\/destacadas\/uno-de-cada-10-jovenes-que-sufren-brote-psicotico-intenta-suicidarse-antes-de-2-anos-estudio\/","title":{"rendered":"Uno de cada 10 j\u00f3venes que sufren brote psic\u00f3tico intenta suicidarse antes de 2 a\u00f1os: estudio"},"content":{"rendered":"\n<p>Barcelona. Uno de cada diez j\u00f3venes de entre 18 y 35 a\u00f1os que sufren un primer brote psic\u00f3tico intentan suicidarse en los dos a\u00f1os posteriores, seg\u00fan un estudio hecho por el Grupo de Investigaci\u00f3n en Salud Mental del Instituto Hospital del Mar de Investigaciones M\u00e9dicas (IMIM).<\/p>\n\n\n\n<p>La investigaci\u00f3n, que publica la revista \u2018Psychiatry Research\u2019, ha demostrado que los principales factores de riesgo son haber llevado a cabo una tentativa de suicidio anterior, sufrir fuertes sentimientos de culpa relacionados con su patolog\u00eda, apreciar una baja calidad de vida y dificultades para sus actividades diarias.<\/p>\n\n\n\n<p>Seguimiento individualizado<\/p>\n\n\n\n<p>Ante estos resultados, los investigadores han recomendado poner en marcha programas de detecci\u00f3n precoz de personas con s\u00edntomas psic\u00f3ticos y aplicar un seguimiento individualizado en aquellos que presentan los factores de riesgo detectados en el estudio.<\/p>\n\n\n\n<p>Seg\u00fan ha explicado la coordinadora del trabajo y m\u00e9dica del Servicio de Psiquiatr\u00eda y del Programa de Atenci\u00f3n a la Psicosis Incipiente del Hospital del Mar, Anna Man\u00e9, se trata de una de las investigaciones \u201cm\u00e1s extensas\u201d de su tipo llevada a cabo en Espa\u00f1a.<\/p>\n\n\n\n<p>SALUD MENTAL JOVENES<\/p>\n\n\n\n<p>El estudio ha seguido durante dos a\u00f1os a cerca de 300 pacientes, con una media de edad de 25 a\u00f1os, atendidos en el programa de estudio y tratamiento por primer episodio psic\u00f3tico del Hospital del Mar entre 2013 y 2020.<\/p>\n\n\n\n<p>M\u00e1s del 60 % de los pacientes analizados son varones, aunque los m\u00e9dicos no han detectado diferencias en funci\u00f3n del g\u00e9nero de los pacientes.<\/p>\n\n\n\n<p>En treinta casos, intentaron suicidarse en una o m\u00e1s ocasiones durante el per\u00edodo de estudio, y casi la mitad de los intentos se produjeron en el per\u00edodo entre el inicio de los s\u00edntomas psic\u00f3ticos y el inicio del tratamiento.<\/p>\n\n\n\n<p>\u201cHubo un incremento entre seis meses y un a\u00f1o despu\u00e9s del primer brote, un dato que probablemente sea consecuencia de la ruptura de las expectativas de las personas afectadas de una r\u00e1pida recuperaci\u00f3n y vuelta a la vida normal\u201d, ha se\u00f1alado Man\u00e9, que ha destacado la importancia de la detecci\u00f3n precoz para acortar el tiempo que los pacientes comienzan a tener s\u00edntomas y reciben tratamiento.<\/p>\n\n\n\n<p>M\u00e1s conocimiento para la detecci\u00f3n precoz<\/p>\n\n\n\n<p>Para conseguirlo es necesario \u201cm\u00e1s conocimiento de la psicosis, tambi\u00e9n entre los m\u00e9dicos de cabecera, agentes de salud y otros agentes implicados, como la escuela, lo que ayudar\u00eda a una detecci\u00f3n precoz, a mejorar el pron\u00f3stico y a disminuir las tentativas de suicidio y otras situaciones de riesgo\u201d, ha apuntado la psiquiatra.<\/p>\n\n\n\n<p>En este sentido, la investigadora del IMIM-Hospital del Mar y m\u00e9dica adjunta del Servicio de Psiquiatr\u00eda, Alba Toll-Privat, ha indicado que \u201chemos visto que este per\u00edodo es muy importante, porque cuanto m\u00e1s largo es este tiempo sin tratamiento con s\u00edntomas psic\u00f3ticos, aunque sean leves, peor ser\u00e1 la evoluci\u00f3n de estos pacientes y m\u00e1s costar\u00e1 que vuelvan a la normalidad\u201d.<\/p>\n\n\n\n<p>\u201cPor eso, la importancia de los programas de primeros episodios, para poder detectarlos lo antes posible y poder hacer tratamiento\u201d, ha subrayado Toll-Privat.<\/p>\n\n\n\n<p>Se\u00f1ales de alerta<\/p>\n\n\n\n<p>El estudio sit\u00faa como los principales factores de riesgo de tentativa de suicidio haber hecho alg\u00fan intento antes del inicio de los s\u00edntomas psic\u00f3ticos, sufrir fuertes sentimientos de culpa y una baja funcionalidad en la vida diaria, con una baja calidad de vida.<\/p>\n\n\n\n<p>Se\u00f1ales de alerta que, seg\u00fan Man\u00e9, \u201cavisan de que hay que aplicar tratamientos individualizados en los pacientes que han hecho tentativas previamente y tienen sintomatolog\u00eda depresiva y sentimientos de culpa\u201d.<\/p>\n\n\n\n<p>El coordinador del Grupo de Investigaci\u00f3n en Salud Mental del IMIM y jefe del Servicio de Psiquiatr\u00eda del Hospital del Mar, V\u00edctor P\u00e9rez, ha destacado que \u201clos hallazgos del estudio indican la importancia de proveer una adecuada detecci\u00f3n e intervenci\u00f3n a personas con alto riesgo de suicidio por psicosis\u201d.<\/p>\n\n\n\n<p>\u201cEst\u00e1 demostrado -ha a\u00f1adido P\u00e9rez- que intervenciones precoces dirigidas a estos pacientes reducen las cifras de suicidios\u201d que, seg\u00fan estimaciones, suponen la muerte de unas 700.000 personas cada a\u00f1o en el mundo.<\/p>\n\n\n\n<p>En Espa\u00f1a se suicidaron en 2021 unas 4.000 personas.<\/p>\n\n\n\n<p><\/p>\n\n\n\n<p>Fuente: XEU<\/p>\n","protected":false},"excerpt":{"rendered":"<p>Barcelona. Uno de cada diez j\u00f3venes de entre 18 y 35 a\u00f1os que sufren un primer brote psic\u00f3tico intentan suicidarse en los dos a\u00f1os posteriores, seg\u00fan un estudio hecho por el Grupo de Investigaci\u00f3n en Salud Mental del Instituto Hospital del Mar de Investigaciones M\u00e9dicas (IMIM). La investigaci\u00f3n, que publica la revista \u2018Psychiatry Research\u2019, ha [&hellip;]<\/p>\n","protected":false},"author":2,"featured_media":118098,"comment_status":"open","ping_status":"open","sticky":false,"template":"","format":"standard","meta":{"footnotes":""},"categories":[59],"tags":[],"class_list":["post-118097","post","type-post","status-publish","format-standard","has-post-thumbnail","hentry","category-destacadas"],"_links":{"self":[{"href":"http:\/\/elcuartopoder.com.mx\/nw\/wp-json\/wp\/v2\/posts\/118097","targetHints":{"allow":["GET"]}}],"collection":[{"href":"http:\/\/elcuartopoder.com.mx\/nw\/wp-json\/wp\/v2\/posts"}],"about":[{"href":"http:\/\/elcuartopoder.com.mx\/nw\/wp-json\/wp\/v2\/types\/post"}],"author":[{"embeddable":true,"href":"http:\/\/elcuartopoder.com.mx\/nw\/wp-json\/wp\/v2\/users\/2"}],"replies":[{"embeddable":true,"href":"http:\/\/elcuartopoder.com.mx\/nw\/wp-json\/wp\/v2\/comments?post=118097"}],"version-history":[{"count":1,"href":"http:\/\/elcuartopoder.com.mx\/nw\/wp-json\/wp\/v2\/posts\/118097\/revisions"}],"predecessor-version":[{"id":118099,"href":"http:\/\/elcuartopoder.com.mx\/nw\/wp-json\/wp\/v2\/posts\/118097\/revisions\/118099"}],"wp:featuredmedia":[{"embeddable":true,"href":"http:\/\/elcuartopoder.com.mx\/nw\/wp-json\/wp\/v2\/media\/118098"}],"wp:attachment":[{"href":"http:\/\/elcuartopoder.com.mx\/nw\/wp-json\/wp\/v2\/media?parent=118097"}],"wp:term":[{"taxonomy":"category","embeddable":true,"href":"http:\/\/elcuartopoder.com.mx\/nw\/wp-json\/wp\/v2\/categories?post=118097"},{"taxonomy":"post_tag","embeddable":true,"href":"http:\/\/elcuartopoder.com.mx\/nw\/wp-json\/wp\/v2\/tags?post=118097"}],"curies":[{"name":"wp","href":"https:\/\/api.w.org\/{rel}","templated":true}]}}