{"id":118145,"date":"2023-05-19T09:40:03","date_gmt":"2023-05-19T14:40:03","guid":{"rendered":"http:\/\/elcuartopoder.com.mx\/nw\/?p=118145"},"modified":"2023-05-19T09:40:05","modified_gmt":"2023-05-19T14:40:05","slug":"pedro-almodovar-aterriza-en-cannes-hay-menos-libertad-ahora-que-en-los-80","status":"publish","type":"post","link":"http:\/\/elcuartopoder.com.mx\/nw\/entretenimiento\/espectaculos\/pedro-almodovar-aterriza-en-cannes-hay-menos-libertad-ahora-que-en-los-80\/","title":{"rendered":"Pedro Almod\u00f3var aterriza en Cannes: \u00abHay menos libertad ahora que en los 80\u00bb"},"content":{"rendered":"\n<p>Vuelve\u00a0Pedro Almod\u00f3var\u00a0a Cannes, el \u00fanico sitio donde le tratan mejor que en Calzada de Calatrava, el pueblo donde naci\u00f3 hace ya 73 a\u00f1os. Su regreso al certamen es tan particular como su cine: lo hace con un w\u00e9stern gay de solo media hora producido en parte por la marca de moda de Yves Saint Laurent y que, pese a ser un mediometraje, se proyect\u00f3 en Secci\u00f3n Oficial fuera de concurso. Ayuda que sus dos protagonistas sean\u00a0<strong>Ethan Hawke y Pedro Pascal<\/strong>; pero sobre todo ayuda que el manchego sea por estas tierras una estrella dif\u00edcil de calibrar desde Espa\u00f1a: ha presidido su jurado, ha inaugurado el certamen \u2013el m\u00e1s importante del mundo\u2013 y, aunque se le ha resistido la Palma de oro, han premiado sus guiones y a sus actores. \u00abSiempre hay una cierta inquietud al ir a Cannes, llegas con inseguridad y con excitaci\u00f3n de la buena\u00bb, dijo el manchego en su despacho de Madrid a ABC, horas antes de viajar a la ciudad francesa. \u00abLa incertidumbre es algo que va unido al hecho de hacer cine, pero el hecho de no ir a competici\u00f3n, y del modo tan generoso en que nos est\u00e1n tratando, pues es muy grato\u00bb, afirma el cineasta, que confiesa que en la primera proyecci\u00f3n del p\u00fablico estar\u00e1 m\u00e1s atento a las reacciones de las mil personas que lo acompa\u00f1an en la sala que en las propias im\u00e1genes: \u00abEl o\u00eddo de un director est\u00e1 pendiente de c\u00f3mo respira el espectador. Te da mucha informaci\u00f3n de la pel\u00edcula que has hecho\u00bb, desgrana.<\/p>\n\n\n\n<p>Entre los datos que recibir\u00e1 su entrenado o\u00eddo est\u00e1 la recepci\u00f3n de esta historia de amor y amistad en el viejo oeste. Se titula &#8216;Extra\u00f1a forma de vida&#8217;, como el fado de\u00a0<strong>Amalia Rodrigues<\/strong>, aunque ya con el t\u00edtulo puesto en el cartel el cineasta reconoce que la traducci\u00f3n m\u00e1s correcta se aproxima m\u00e1s a \u00abequivocada\u00bb. \u00abSer\u00eda &#8216;Una equivocada forma de vivir&#8217;, de vivir de acuerdo con sus deseos, porque ninguno ha vivido de acuerdo con ellos. La canci\u00f3n habla del desencuentro de dos amantes que no siguen los dictados del coraz\u00f3n\u00bb, desgrana Almod\u00f3var, que a cambio apunta a que no se atreve a decir qui\u00e9n tiene una forma correcta o equivocada de vivir.<\/p>\n\n\n\n<h3 class=\"wp-block-heading\">Pedro Almod\u00f3var y rodar en ingl\u00e9s<\/h3>\n\n\n\n<p>&#8216;Extra\u00f1a forma de vida&#8217;, como su anterior corto, &#8216;La voz humana&#8217;, son las dos \u00fanicas incursiones en ingl\u00e9s de Almod\u00f3var. Su \u00absalto\u00bb al largo en ese idioma deber\u00eda haber llegado este a\u00f1o, con &#8216;<a href=\"https:\/\/www.abc.es\/play\/cine\/noticias\/abci-cate-blanchett-goya-internacional-significa-trabajo-llegado-cultura-diferente-202202121409_noticia.html\">Manual para mujeres de la limpieza<\/a>&#8216;, en el que iba a dirigir a Cate Blanchett. El proyecto se trunc\u00f3 porque, confiesa, \u00abera de unas dimensiones que se me escapaban\u00bb. \u00abEstos dos cortos han sido un entrenamiento con el ingl\u00e9s \u2013y avanza\u2013 ya he escrito otra pel\u00edcula durante este tiempo de espera que va a ser en ingl\u00e9s, en Nueva York. Es otro tipo de pel\u00edcula que a m\u00ed me resulta m\u00e1s accesible porque b\u00e1sicamente son&nbsp;<strong>dos personajes femeninos en una situaci\u00f3n extrema<\/strong>&nbsp;con un personaje masculino secundario\u00bb, relata el cineasta, que asegura que ya ha ido a localizar escenarios. Cuando dice \u00abaccesible\u00bb, asegura, se refiere a que puede controlarlo todo. \u00abEn &#8216;Manual\u2026&#8217; ten\u00eda que delegar muchas cosas, pero en mis pel\u00edculas cada cosa que aparece voy a comprarla yo personalmente, que es lo que hago con la decoraci\u00f3n. Adem\u00e1s, la de Nueva York es contempor\u00e1nea y todo el atrezo lo puedo encontrar en las tiendas\u00bb.<\/p>\n\n\n\n<p>Para dificil, la pregunta que plantea en &#8216;Extra\u00f1a forma de vivir&#8217;, \u00ab\u00bfcu\u00e1l es tu definici\u00f3n del amor?\u00bb. \u00abPues&#8230; Es dif\u00edcil eso, eh. Es&#8230; (duda unos segundos, y eso que en el guion escribi\u00f3 la respuesta de uno de sus personajes; pero esta es suya)&#8230; Es algo que tiene que ver, sobre todo, con el deseo y con la pasi\u00f3n. Es algo que uno no sabe explicarse a s\u00ed mismo. Es algo irracional. Y hay que vivir esa sensaci\u00f3n de no ser due\u00f1o de ti mismo, pero que desgraciada o afortunadamente ese tipo de amor tiene un l\u00edmite. Despu\u00e9s quedan otras cosas que son muy importantes, que son las de acompa\u00f1ar a alguien, cuidar a alguien, sentirte cuidado, la reciprocidad, todo eso es tambi\u00e9n amor. Pero&#8230; Yo, en este caso, como he hablado en muchas de mis pel\u00edculas, hablo del deseo. Y\u00a0<strong>el deseo es devastador<\/strong>\u00bb, confiesa el cineasta, cuya productora se llama, como no pod\u00eda ser de otra manera, El deseo.<\/p>\n\n\n\n<p>As\u00ed que Pedro Almod\u00f3var se present\u00f3 este mi\u00e9rcoles en Cannes de mano de Ethan Hawke para presentar el que se ha vendido como su<strong>&nbsp;primer w\u00e9stern gay<\/strong>. Una historia que surgi\u00f3 por su inter\u00e9s de dar voz a dos \u00abcowboys\u00bb en una situaci\u00f3n \u00abque no hab\u00eda visto nunca en este g\u00e9nero\u00bb. \u00abEs un g\u00e9nero macho y americano, y creo que hab\u00eda un enorme espacio para investigar. El w\u00e9stern siempre ha parecido que est\u00e1 desapareciendo desde los a\u00f1os 70, pero hay tres pel\u00edculas recientes que a m\u00ed me gustan mucho, curiosamente dirigidas por tres mujeres, de &#8216;The Ryder&#8217;, de Chlo\u00e9 Zhao; &#8216;El poder del perro&#8217;, de Jane Campion; y &#8216;First Cow&#8217;, de Kelly Reichardt\u00bb.<\/p>\n\n\n\n<h3 class=\"wp-block-heading\">Cultura de la cancelaci\u00f3n y libertad<\/h3>\n\n\n\n<p>Almod\u00f3var se r\u00ede cuando se le pregunta por la cultura de la cancelaci\u00f3n y c\u00f3mo ahora se busca la diversidad en el cine. \u00abYo desde los a\u00f1os 60 ya estaba muy diverso\u00bb, apunta, y r\u00e1pido se pone serio: \u00abYo creo que hay menos libertad ahora que en la d\u00e9cada de los 80. Me parece que es un hecho. Yo en los 80 hice siete pel\u00edculas, entre ellas &#8216;Entre tinieblas&#8217; (1983), y ahora cuando se ha puesto en televisi\u00f3n me han llamado amigos para decirme: &#8216;Oye, t\u00fa esto no podr\u00edas hacerlo ahora&#8217;. Y mi respuesta es que yo s\u00ed me atrever\u00eda a hacerlo. Lo que pasa es que soy consciente de que tendr\u00eda un mont\u00f3n de problemas entre los exhibidores y los distribuidores. Y si la ponen, habr\u00eda un mont\u00f3n de cat\u00f3licos que dir\u00edan cosas como que hiere su sensibilidad como cat\u00f3licos. Y es algo que entonces no lo dijo nadie. En los 80 est\u00e1bamos muy lejos de eso\u00bb, reflexiona, y recuerda aquellos a\u00f1os de juventud.<\/p>\n\n\n\n<p>\u00abExist\u00edan tambi\u00e9n las derechas en los 80. Lo que pasa es que la explosi\u00f3n de libertad que vivi\u00f3 Espa\u00f1a fue tan enorme, tan ruidosa, que yo creo que la derecha se acojon\u00f3 y decidieron quedarse calladitos en su casa viendo con horror lo que pasaba en Madrid por la noche y por el d\u00eda. Pero se cortaron y ahora mismo no solo no se cortan, sino que tienen un veh\u00edculo, tienen un partido y tienen un mont\u00f3n de voces que les representan. Entonces el resultado de todo eso es que la libertad ha mermado\u00bb, se\u00f1ala. Y se defiende: \u00abAhora, t\u00fa me has preguntado, \u00bfme afecta a m\u00ed a la hora de escribir? No, porque yo ya me he desahogado mucho de joven. Por una cuesti\u00f3n biol\u00f3gica desde &#8216;Julieta&#8217; me interesa contar historias m\u00e1s austeras, menos barrocas. Ahora, nuestra democracia es una democracia con cierto d\u00e9ficit. Y debemos ser conscientes de ello para que no vaya peor\u00bb.<\/p>\n\n\n\n<p>Tampoco es especialmente optimista con la situaci\u00f3n del cine de autor, un espacio en el que para los americanos y europeos Almod\u00f3var sigue siendo uno de los grandes referentes. \u00abNo, si yo sigo teniendo fe en el cine\u2026&nbsp;<strong>Lo que pasa es que creo que hay menos buenas pel\u00edculas que antes<\/strong>\u00bb. \u00bfY por qu\u00e9? \u00abPues&#8230; el espectador del cine ha evolucionado de un modo en que el cine m\u00e1s arriesgado, el cine m\u00e1s atrevido, el cine de autor, es el que m\u00e1s ha bajado en taquilla en todo el mundo. Que para m\u00ed es la gran decepci\u00f3n, porque yo pensaba que el cin\u00e9filo justamente era el que despu\u00e9s de la pandemia iba a ir como loco al cine. Pues no\u00bb, lamenta, y se ve identificado: \u00ab<strong>Cada vez me cuesta m\u00e1s trabajo encontrar las pel\u00edculas que me gusten.<\/strong>&nbsp;Y eso es la realidad. Y creo que, adem\u00e1s, despu\u00e9s de la pandemia y con la presencia de las plataformas, ha ido a m\u00e1s\u00bb.<\/p>\n\n\n\n<p>\u00ab<strong>Hay pel\u00edculas como &#8216;TAR&#8217; o la \u00faltima de Spielberg que son un fracaso econ\u00f3mico<\/strong>. Eso influye a la hora de ponerte a escribir y a la hora de ponerte a rodar. Con lo que podemos llamar la dictadura de lo pol\u00edticamente correcto, ha generado algo que es la peor de las censuras, que es la autocensura. O sea, &#8216;<strong>Titane<\/strong>&#8216;, que a m\u00ed me encanta que exista porque es una pel\u00edcula muy exagerada, muy escandalosa y muy atrevida, y es posible porque la hace una mujer. Si esa pel\u00edcula la firma un t\u00edo, te juro que tiene serios problemas para sacarla\u00bb, sentencia.<\/p>\n\n\n\n<p>Fuente: ABC<\/p>\n","protected":false},"excerpt":{"rendered":"<p>Vuelve\u00a0Pedro Almod\u00f3var\u00a0a Cannes, el \u00fanico sitio donde le tratan mejor que en Calzada de Calatrava, el pueblo donde naci\u00f3 hace ya 73 a\u00f1os. Su regreso al certamen es tan particular como su cine: lo hace con un w\u00e9stern gay de solo media hora producido en parte por la marca de moda de Yves Saint Laurent [&hellip;]<\/p>\n","protected":false},"author":2,"featured_media":118146,"comment_status":"open","ping_status":"open","sticky":false,"template":"","format":"standard","meta":{"footnotes":""},"categories":[11],"tags":[],"class_list":["post-118145","post","type-post","status-publish","format-standard","has-post-thumbnail","hentry","category-espectaculos"],"_links":{"self":[{"href":"http:\/\/elcuartopoder.com.mx\/nw\/wp-json\/wp\/v2\/posts\/118145","targetHints":{"allow":["GET"]}}],"collection":[{"href":"http:\/\/elcuartopoder.com.mx\/nw\/wp-json\/wp\/v2\/posts"}],"about":[{"href":"http:\/\/elcuartopoder.com.mx\/nw\/wp-json\/wp\/v2\/types\/post"}],"author":[{"embeddable":true,"href":"http:\/\/elcuartopoder.com.mx\/nw\/wp-json\/wp\/v2\/users\/2"}],"replies":[{"embeddable":true,"href":"http:\/\/elcuartopoder.com.mx\/nw\/wp-json\/wp\/v2\/comments?post=118145"}],"version-history":[{"count":1,"href":"http:\/\/elcuartopoder.com.mx\/nw\/wp-json\/wp\/v2\/posts\/118145\/revisions"}],"predecessor-version":[{"id":118147,"href":"http:\/\/elcuartopoder.com.mx\/nw\/wp-json\/wp\/v2\/posts\/118145\/revisions\/118147"}],"wp:featuredmedia":[{"embeddable":true,"href":"http:\/\/elcuartopoder.com.mx\/nw\/wp-json\/wp\/v2\/media\/118146"}],"wp:attachment":[{"href":"http:\/\/elcuartopoder.com.mx\/nw\/wp-json\/wp\/v2\/media?parent=118145"}],"wp:term":[{"taxonomy":"category","embeddable":true,"href":"http:\/\/elcuartopoder.com.mx\/nw\/wp-json\/wp\/v2\/categories?post=118145"},{"taxonomy":"post_tag","embeddable":true,"href":"http:\/\/elcuartopoder.com.mx\/nw\/wp-json\/wp\/v2\/tags?post=118145"}],"curies":[{"name":"wp","href":"https:\/\/api.w.org\/{rel}","templated":true}]}}