{"id":119170,"date":"2023-06-19T14:55:16","date_gmt":"2023-06-19T19:55:16","guid":{"rendered":"http:\/\/elcuartopoder.com.mx\/nw\/?p=119170"},"modified":"2023-06-19T14:55:19","modified_gmt":"2023-06-19T19:55:19","slug":"es-oficial-andre-jardine-es-el-nuevo-tecnico-del-america-para-torneo-apertura-2023","status":"publish","type":"post","link":"http:\/\/elcuartopoder.com.mx\/nw\/entretenimiento\/deportes\/es-oficial-andre-jardine-es-el-nuevo-tecnico-del-america-para-torneo-apertura-2023\/","title":{"rendered":"Es oficial: Andr\u00e9 Jardine es el nuevo t\u00e9cnico del Am\u00e9rica para torneo Apertura 2023"},"content":{"rendered":"\n<p>Ciudad de M\u00e9xico.\u2014 Casi un mes despu\u00e9s de quedar\u00a0<strong>eliminado<\/strong>\u00a0en las\u00a0<strong>semifinales<\/strong>\u00a0del\u00a0<strong>torneo<\/strong>\u00a0<strong>Clausura<\/strong>, el\u00a0<strong>Am\u00e9rica<\/strong>\u00a0ya encontr\u00f3 un dirigente. El brasile\u00f1o\u00a0<strong>Andr\u00e9 Jardine<\/strong>\u00a0se desvincul\u00f3 del\u00a0<strong>Atl\u00e9tico de San Luis<\/strong>\u00a0y ser\u00e1 el nuevo estratega de las\u00a0<strong>\u00c1guilas<\/strong>\u00a0para el\u00a0<strong>torneo Apertura<\/strong>\u00a0<strong>2023<\/strong>, inform\u00f3 el equipo.<\/p>\n\n\n\n<p>Jardine, de 43 a\u00f1os, condujo a la selecci\u00f3n de su pa\u00eds a la medalla de oro en los Juegos Ol\u00edmpicos de Tokio 2020. Desembarc\u00f3 en M\u00e9xico con la sucursal del Atl\u00e9tico de Madrid para dirigir desde el Apertura 2022 y en el Clausura 2023 alcanz\u00f3 los cuartos de final.<\/p>\n\n\n\n<p>La dirigencia del San Luis dijo hace un par de semanas que Jardine ten\u00eda una cl\u00e1usula de rescisi\u00f3n de contrato por dos millones de d\u00f3lares.<\/p>\n\n\n\n<p>Am\u00e9rica no inform\u00f3 detalles del acuerdo por el entrenador, que reemplaza al argentino Fernando Ortiz, quien renunci\u00f3 al cargo luego de perder las semifinales ante el ac\u00e9rrimo rival Chivas.<\/p>\n\n\n\n<figure class=\"wp-block-embed is-type-rich is-provider-twitter wp-block-embed-twitter\"><div class=\"wp-block-embed__wrapper\">\n<blockquote class=\"twitter-tweet\" data-width=\"550\" data-dnt=\"true\"><p lang=\"es\" dir=\"ltr\">Bienvenido al Am\u00e9rica, Andr\u00e9. \ud83c\udde7\ud83c\uddf7\ud83e\udd85 <a href=\"https:\/\/twitter.com\/hashtag\/SomosAm%C3%A9rica?src=hash&amp;ref_src=twsrc%5Etfw\">#SomosAm\u00e9rica<\/a> <a href=\"https:\/\/t.co\/yagk6VHA2W\">pic.twitter.com\/yagk6VHA2W<\/a><\/p>&mdash; Club Am\u00e9rica (@ClubAmerica) <a href=\"https:\/\/twitter.com\/ClubAmerica\/status\/1669906501467766784?ref_src=twsrc%5Etfw\">June 17, 2023<\/a><\/blockquote><script async src=\"https:\/\/platform.twitter.com\/widgets.js\" charset=\"utf-8\"><\/script>\n<\/div><figcaption>Las \u00c1guilas, de acuerdo con su presidente Santiago Ba\u00f1os, entrevistaron al menos a media docena de entrenadores para el puesto, entre ellos el uruguayo Diego Alonso y el estadounidense Gregg Berhalter, quienes desecharon las ofertas.<br>Jardine llega con la misi\u00f3n de darle al Am\u00e9rica l 14ta corona en su historia, la primera desde el Apertura 2018 cuando el equipo logr\u00f3 el 13er cetro en su historia.<br>Am\u00e9rica, uno de los dos equipos m\u00e1s populares en M\u00e9xico, ha naufragado en semifinales en los \u00faltimos tres torneos, uno con Santiago Solari y dos m\u00e1s con el \u201cTano\u201d Ortiz.<br><br><br>Adem\u00e1s del Atl\u00e9tico de San Luis, el otro equipo profesional en la carrera de Jardine fue el Sao Paulo de su pa\u00eds donde tuvo poco \u00e9xito.<\/figcaption><\/figure>\n\n\n\n<p><\/p>\n","protected":false},"excerpt":{"rendered":"<p>Ciudad de M\u00e9xico.\u2014 Casi un mes despu\u00e9s de quedar\u00a0eliminado\u00a0en las\u00a0semifinales\u00a0del\u00a0torneo\u00a0Clausura, el\u00a0Am\u00e9rica\u00a0ya encontr\u00f3 un dirigente. El brasile\u00f1o\u00a0Andr\u00e9 Jardine\u00a0se desvincul\u00f3 del\u00a0Atl\u00e9tico de San Luis\u00a0y ser\u00e1 el nuevo estratega de las\u00a0\u00c1guilas\u00a0para el\u00a0torneo Apertura\u00a02023, inform\u00f3 el equipo. Jardine, de 43 a\u00f1os, condujo a la selecci\u00f3n de su pa\u00eds a la medalla de oro en los Juegos Ol\u00edmpicos de Tokio [&hellip;]<\/p>\n","protected":false},"author":2,"featured_media":119171,"comment_status":"open","ping_status":"open","sticky":false,"template":"","format":"standard","meta":{"footnotes":""},"categories":[7],"tags":[],"class_list":["post-119170","post","type-post","status-publish","format-standard","has-post-thumbnail","hentry","category-deportes"],"_links":{"self":[{"href":"http:\/\/elcuartopoder.com.mx\/nw\/wp-json\/wp\/v2\/posts\/119170","targetHints":{"allow":["GET"]}}],"collection":[{"href":"http:\/\/elcuartopoder.com.mx\/nw\/wp-json\/wp\/v2\/posts"}],"about":[{"href":"http:\/\/elcuartopoder.com.mx\/nw\/wp-json\/wp\/v2\/types\/post"}],"author":[{"embeddable":true,"href":"http:\/\/elcuartopoder.com.mx\/nw\/wp-json\/wp\/v2\/users\/2"}],"replies":[{"embeddable":true,"href":"http:\/\/elcuartopoder.com.mx\/nw\/wp-json\/wp\/v2\/comments?post=119170"}],"version-history":[{"count":1,"href":"http:\/\/elcuartopoder.com.mx\/nw\/wp-json\/wp\/v2\/posts\/119170\/revisions"}],"predecessor-version":[{"id":119172,"href":"http:\/\/elcuartopoder.com.mx\/nw\/wp-json\/wp\/v2\/posts\/119170\/revisions\/119172"}],"wp:featuredmedia":[{"embeddable":true,"href":"http:\/\/elcuartopoder.com.mx\/nw\/wp-json\/wp\/v2\/media\/119171"}],"wp:attachment":[{"href":"http:\/\/elcuartopoder.com.mx\/nw\/wp-json\/wp\/v2\/media?parent=119170"}],"wp:term":[{"taxonomy":"category","embeddable":true,"href":"http:\/\/elcuartopoder.com.mx\/nw\/wp-json\/wp\/v2\/categories?post=119170"},{"taxonomy":"post_tag","embeddable":true,"href":"http:\/\/elcuartopoder.com.mx\/nw\/wp-json\/wp\/v2\/tags?post=119170"}],"curies":[{"name":"wp","href":"https:\/\/api.w.org\/{rel}","templated":true}]}}