{"id":119173,"date":"2023-06-19T15:02:16","date_gmt":"2023-06-19T20:02:16","guid":{"rendered":"http:\/\/elcuartopoder.com.mx\/nw\/?p=119173"},"modified":"2023-06-19T15:02:20","modified_gmt":"2023-06-19T20:02:20","slug":"luka-modric-rechaza-200-millones-de-euros-de-arabia-saudi-y-se-queda-en-real-madrid","status":"publish","type":"post","link":"http:\/\/elcuartopoder.com.mx\/nw\/entretenimiento\/deportes\/luka-modric-rechaza-200-millones-de-euros-de-arabia-saudi-y-se-queda-en-real-madrid\/","title":{"rendered":"Luka Modric rechaza 200 millones de euros de Arabia Saud\u00ed y se queda en Real Madrid"},"content":{"rendered":"\n<p>Ciudad de M\u00e9xico.\u2013 Luka Modric (37 a\u00f1os) continuar\u00e1 una temporada m\u00e1s en las filas del Real Madrid. El centrocampista croata ha rechazado una oferta de un equipo de Arabia Saud\u00ed, el Al Hilal, que le ofrec\u00eda 200 millones de euros por jugar tres temporadas en el campeonato saud\u00ed, por lo que rechaza unirse a la Liga \u00e1rabe que ya cuenta con Cristiano Ronaldo (38) y con Benzema (35) como nuevas incorporaciones, seg\u00fan explic\u00f3 el periodista Gianluca Di Marzio.<\/p>\n\n\n\n<p>Modric contaba con una oferta del Real Madrid para seguir por una campa\u00f1a m\u00e1s, y es lo que el ganador del Bal\u00f3n de Oro en 2018 ha decidido. La oferta, presentada por Saad Alladhidh y Lee Anderson, cubr\u00eda de oro al descomunal futbolista, pero la comodidad, tranquilidad y serenidad en la que vive su familia en Madrid, han hecho que no acepte dicha propuesta. Cierto es que Modric siempre ha mostrado su predisposici\u00f3n para continuar vistiendo de blanco: nunca ha puesto ning\u00fan problema a la hora de renovar con el equipo blanco y siempre se ha mostrado tranquilo en ese aspecto. Nunca ha habido ning\u00fan problema con Luka a la hora de renovar sus contratos con la entidad de Chamart\u00edn.<\/p>\n\n\n\n<p>Este a\u00f1o esperaba una llamada del Madrid,\u00a0<strong>pero el tiempo pasaba y no llegaba ese telefonazo. Incluso se temi\u00f3 lo peor<\/strong>, pero una reuni\u00f3n con el presidente allan\u00f3 la situaci\u00f3n. El croata fue rotundo: quer\u00eda seguir compitiendo con el equipo blanco pese a la edad que marca el DNI, 37 a\u00f1os. Pero\u00a0<strong>con ilusi\u00f3n, ambici\u00f3n y ganas de seguir peleando por las victorias del Real Madrid, Modric seguir\u00e1 una campa\u00f1a m\u00e1s<\/strong>. Una temporada que ya ha\u00a0<em>firmado<\/em>\u00a0antes de que acabase la temporada y de irse con su selecci\u00f3n a disputar la Liga de Naciones. En la final de dicho torneo se medir\u00e1 a Espa\u00f1a, el pa\u00eds en el que se ha consagrado como uno de los grandes centrocampistas mundiales del Siglo XXI. Posteriormente se ir\u00e1 de vacaciones: el 20 de julio tiene que ponerse bajo las \u00f3rdenes de Carlo Ancelotti y de Antonio Pintus.<\/p>\n\n\n\n<p>Fuente: sinembargo<\/p>\n","protected":false},"excerpt":{"rendered":"<p>Ciudad de M\u00e9xico.\u2013 Luka Modric (37 a\u00f1os) continuar\u00e1 una temporada m\u00e1s en las filas del Real Madrid. El centrocampista croata ha rechazado una oferta de un equipo de Arabia Saud\u00ed, el Al Hilal, que le ofrec\u00eda 200 millones de euros por jugar tres temporadas en el campeonato saud\u00ed, por lo que rechaza unirse a la [&hellip;]<\/p>\n","protected":false},"author":2,"featured_media":119174,"comment_status":"open","ping_status":"open","sticky":false,"template":"","format":"standard","meta":{"footnotes":""},"categories":[7],"tags":[],"class_list":["post-119173","post","type-post","status-publish","format-standard","has-post-thumbnail","hentry","category-deportes"],"_links":{"self":[{"href":"http:\/\/elcuartopoder.com.mx\/nw\/wp-json\/wp\/v2\/posts\/119173","targetHints":{"allow":["GET"]}}],"collection":[{"href":"http:\/\/elcuartopoder.com.mx\/nw\/wp-json\/wp\/v2\/posts"}],"about":[{"href":"http:\/\/elcuartopoder.com.mx\/nw\/wp-json\/wp\/v2\/types\/post"}],"author":[{"embeddable":true,"href":"http:\/\/elcuartopoder.com.mx\/nw\/wp-json\/wp\/v2\/users\/2"}],"replies":[{"embeddable":true,"href":"http:\/\/elcuartopoder.com.mx\/nw\/wp-json\/wp\/v2\/comments?post=119173"}],"version-history":[{"count":1,"href":"http:\/\/elcuartopoder.com.mx\/nw\/wp-json\/wp\/v2\/posts\/119173\/revisions"}],"predecessor-version":[{"id":119175,"href":"http:\/\/elcuartopoder.com.mx\/nw\/wp-json\/wp\/v2\/posts\/119173\/revisions\/119175"}],"wp:featuredmedia":[{"embeddable":true,"href":"http:\/\/elcuartopoder.com.mx\/nw\/wp-json\/wp\/v2\/media\/119174"}],"wp:attachment":[{"href":"http:\/\/elcuartopoder.com.mx\/nw\/wp-json\/wp\/v2\/media?parent=119173"}],"wp:term":[{"taxonomy":"category","embeddable":true,"href":"http:\/\/elcuartopoder.com.mx\/nw\/wp-json\/wp\/v2\/categories?post=119173"},{"taxonomy":"post_tag","embeddable":true,"href":"http:\/\/elcuartopoder.com.mx\/nw\/wp-json\/wp\/v2\/tags?post=119173"}],"curies":[{"name":"wp","href":"https:\/\/api.w.org\/{rel}","templated":true}]}}