{"id":119822,"date":"2023-07-09T11:10:29","date_gmt":"2023-07-09T16:10:29","guid":{"rendered":"http:\/\/elcuartopoder.com.mx\/nw\/?p=119822"},"modified":"2023-07-09T11:10:33","modified_gmt":"2023-07-09T16:10:33","slug":"morena-la-guerra-fratricida","status":"publish","type":"post","link":"http:\/\/elcuartopoder.com.mx\/nw\/entretenimiento\/espectaculos\/morena-la-guerra-fratricida\/","title":{"rendered":"Morena: la guerra fratricida"},"content":{"rendered":"\n<p><strong>LOS PEORES CAMBIOS<\/strong>&nbsp;de gobierno son los que, parad\u00f3jicamente, se dan entre partidos afines. La historia pol\u00edtica del M\u00e9xico de los \u00faltimos 30 a\u00f1os as\u00ed lo demuestra.<\/p>\n\n\n\n<p>Cuando&nbsp;<strong>Vicente Fox&nbsp;<\/strong>entreg\u00f3 la administraci\u00f3n a&nbsp;<strong>Felipe Calder\u00f3n<\/strong>, la entonces jefa de la Oficina de la Presidencia,&nbsp;<strong>Patricia Flores<\/strong>, reuni\u00f3 a los funcionarios foxistas y los corri\u00f3. No qued\u00f3 ninguno en el nuevo gabinete.<\/p>\n\n\n\n<p>Lo mismo sucedi\u00f3 con&nbsp;<strong>Ernesto Zedillo&nbsp;<\/strong>y&nbsp;<strong>Carlos Salinas<\/strong>: barri\u00f3 las escaleras de arriba a abajo, pese a la advertencia de que el pa\u00eds se ir\u00eda a la quiebra si no manten\u00eda a&nbsp;<strong>Pedro Aspe&nbsp;<\/strong>en la Secretar\u00eda de Hacienda.<\/p>\n\n\n\n<p>Zedillo meti\u00f3 a la c\u00e1rcel a&nbsp;<strong>Ra\u00fal Salinas<\/strong>, pero la transici\u00f3n con Fox fue tersa gracias a&nbsp;<strong>Jos\u00e9 \u00c1ngel Gurr\u00eda&nbsp;<\/strong>y&nbsp;<strong>Luis Ernesto Derbez<\/strong>.&nbsp;La segunda posici\u00f3n m\u00e1s importante, Hacienda, fue para un priista,&nbsp;<strong>Francisco Gil<\/strong>.<\/p>\n\n\n\n<p>Misma situaci\u00f3n se present\u00f3 entre Calder\u00f3n y\u00a0<strong>Enrique Pe\u00f1a Nieto<\/strong>: se perdi\u00f3 la l\u00ednea que separaba PAN del PRI: ejemplos,\u00a0<strong>Agust\u00edn Carstens,\u00a0Jos\u00e9 Antonio Meade,\u00a0Enrique de la Madrid\u00a0<\/strong>y\u00a0<strong>Javier Lozano<\/strong>.<\/p>\n\n\n\n<p>Hist\u00f3ricamente la izquierda&nbsp;<em>se fractura&nbsp;<\/em>desde adentro y en la carrera en pos de retener la Presidencia esa m\u00e1xima no va a ser la excepci\u00f3n. Se equivocan quienes creen que la transici\u00f3n estar\u00e1 exenta de rompimientos.<\/p>\n\n\n\n<p>A tres semanas del inicio oficial de las campa\u00f1as de las&nbsp;<em>corcholatas&nbsp;<\/em>de Morena, se da una guerra fratricida entre&nbsp;<strong>Marcelo Ebrard Casaubon,&nbsp;Claudia Sheinbaum&nbsp;Pardo&nbsp;<\/strong>y&nbsp;<strong>Ad\u00e1n Augusto L\u00f3pez Hern\u00e1ndez<\/strong>. Ebrard critica el proceso de selecci\u00f3n, denuncia&nbsp;<em>chicanadas&nbsp;<\/em>y manda se\u00f1ales de rompimiento si no hay piso parejo, reeditando 1994, cuando&nbsp;<strong>Manuel Camacho&nbsp;<\/strong>perdi\u00f3 la candidatura ante&nbsp;<strong>Luis Donaldo Colosio<\/strong>.<\/p>\n\n\n\n<p>Sheinbaum podr\u00e1 ganar la encuesta y erigirse como candidata, pero todav\u00eda \u201ccorrer\u00e1 mucha agua de aqu\u00ed hasta junio\u201d y si&nbsp;<strong>X\u00f3chitl G\u00e1lvez&nbsp;<\/strong>como aspirante por la oposici\u00f3n la eclipsa, puede haber un golpe de tim\u00f3n.<\/p>\n\n\n\n<p>A partir del 5 de septiembre Ad\u00e1n Augusto deber\u00e1 saltar a una posici\u00f3n que le asegure visibilidad pol\u00edtica y presencia nacional. El gobierno no, porque le anular\u00eda sus aspiraciones presidenciales. Morena tiene que tener claro que las guerras fratricidas aniquilan. Ya lo estamos viendo.<\/p>\n\n\n\n<p><strong>EL GRUPO DURO\u00a0<\/strong>atr\u00e1s de\u00a0<strong>Claudia Sheinbaum\u00a0<\/strong>empieza a contrapuntearse con la facci\u00f3n de los m\u00e1s moderados de la 4T que, hasta hace unos d\u00edas, preferir\u00edan a uno m\u00e1s af\u00edn a ellos en la Presidencia. Justo ah\u00ed el inevitable rompimiento con el ala radical y el desplazamiento natural de los grupos de influencia en ese pase letal de estafeta de Morena a Morena. En el primer bando, como cabeza de grupo, el vocero\u00a0<strong>Jes\u00fas Ram\u00edrez<\/strong>, y con \u00e9l, la se\u00f1ora\u00a0<strong>Beatriz Guti\u00e9rrez M\u00fcller,\u00a0Epigmenio Ibarra,\u00a0Pedro Miguel,\u00a0Pablo G\u00f3mez,\u00a0Citlalli Hern\u00e1ndez,\u00a0Paco Ignacio Taibo,\u00a0<em>El Fisg\u00f3n\u00a0<\/em>Rafael Barajas,\u00a0Rom\u00e1n Meyer\u00a0y\u00a0Luisa Mar\u00eda Alcalde<\/strong>, entre otros. En el segundo bando,\u00a0<strong>Rogelio Ram\u00edrez de la O,\u00a0V\u00edctor Villalobos,\u00a0Jorge Nu\u00f1o,\u00a0Alfonso Romo,\u00a0Miguel Torruco<\/strong>, y por supuesto\u00a0<strong>Marcelo Ebrard\u00a0<\/strong>y\u00a0<strong>Ad\u00e1n Augusto L\u00f3pez<\/strong>.<\/p>\n\n\n\n<p><strong>JOS\u00c9 \u00c1NGEL GURR\u00cdA&nbsp;<\/strong>tiene de aqu\u00ed al 3 de septiembre para entregarle a quien resulte el candidato o la candidata del Frente Opositor su Plan de Gobierno. El tamaulipeco va echar mano de lo que ya est\u00e1 disponible en t\u00e9rminos de diagn\u00f3sticos y soluciones que en los \u00faltimos a\u00f1os han elaborado&nbsp;<em>think-tanks<\/em>, tipo M\u00e9xico Eval\u00faa, el IMCO, CIDE, Ethos o el CEEY. Gurr\u00eda elaborar\u00e1 una matriz de temas y buscar\u00e1 el acompa\u00f1amiento de expertos. Ejemplo:&nbsp;<strong>Juan Carlos Romero Hicks<\/strong>, especialista en temas de Educaci\u00f3n, o&nbsp;<strong>Ildefonso Guajardo<\/strong>, en Econom\u00eda, el primero tambi\u00e9n retirado de la contienda y el segundo en suspenso a\u00fan. Tampoco descarta invitar a personajes como el ex secretario de Hacienda de&nbsp;<strong>Andr\u00e9s Manuel L\u00f3pez Obrador<\/strong>,&nbsp;<strong>Carlos Urz\u00faa<\/strong>. El objetivo es elaborar un plan que pueda ser adoptado por el candidato como plataforma de gobierno.JOS\u00c9 \u00c1NGEL GURR\u00cdA. (Cr\u00e9ditos: El Heraldo de M\u00e9xico)<\/p>\n\n\n\n<p><strong>Y MIENTRAS UNOS\u00a0<\/strong>se bajan, otros contin\u00faan subi\u00e9ndose a la contienda por la candidatura de la Alianza Opositora. Hoy tocar\u00eda el turno a\u00a0<strong>Francisco Javier Garc\u00eda Cabeza de Vaca<\/strong>. Lo curioso es que se registrar\u00eda remotamente, a trav\u00e9s de Zoom, desde alg\u00fan lugar de Estados Unidos. El panista no puede venir a la CDMX porque podr\u00eda ser aprehendido. El ex gobernador de Tamaulipas se est\u00e1 inscribiendo de \u00faltima hora, tras de que\u00a0<strong>Lilly T\u00e9llez\u00a0<\/strong>abandonara la carrera. La sonorense era la apuesta fuerte de ese grupo, en el que los operadores pol\u00edticos son\u00a0<strong>Roberto Gil Zuarth\u00a0<\/strong>y\u00a0<strong>Guadalupe Acosta Naranjo<\/strong>. \u00bfQu\u00e9 camino tomar\u00e1n \u00e9stos y los suyos ante la imposibilidad que tiene\u00a0<strong>Francisco Javier de llegar<\/strong>, y el cada vez mayor empoderamiento de\u00a0<strong>X\u00f3chitl G\u00e1lvez<\/strong>?<\/p>\n\n\n\n<p><strong>LOS DINEROS SER\u00c1N\u00a0<\/strong>cruciales en la elecci\u00f3n del candidato de la Alianza Opositora y no se diga para la campa\u00f1a presidencial.\u00a0<strong>Alejandro Moreno\u00a0<\/strong>va querer\u00a0<em>llevar mano\u00a0<\/em>en ambos procesos. As\u00ed que no pierda de vista al que es su principal operador financiero. Se trata de\u00a0<strong>Manuel Herrej\u00f3n Su\u00e1rez<\/strong>, quien casualmente despu\u00e9s de haber sido nombrado Secretario de Vinculaci\u00f3n Empresarial y Emprendimiento del PRI Nacional, se volvi\u00f3 socio de\u00a0<strong>Masari Casa de Bolsa<\/strong>, la intermediaria que preside\u00a0<strong>Fredi Farca Charabati<\/strong>, multisancionada por la Comisi\u00f3n Nacional Bancaria y de Valores, que preside\u00a0<strong>Jes\u00fas de la Fuente<\/strong>. Allegados al PRI han revelado que Herrej\u00f3n es\u00a0<em>el cerebro\u00a0<\/em>detr\u00e1s de esquemas de lavado de dinero del que hoy se acusa a\u00a0<em>Alito<\/em>.<\/p>\n\n\n\n<p><strong>MANUEL VELASCO BUSCAR\u00c1&nbsp;<\/strong>la reelecci\u00f3n de senador por el PVEM o una diputaci\u00f3n para, de ah\u00ed, saltar a una posici\u00f3n de gabinete si&nbsp;<strong>Claudia Sheinbaum&nbsp;<\/strong>gana las elecciones presidenciales del 2024. El \u201cG\u00fcero\u201d es apreciado por&nbsp;<strong>Andr\u00e9s Manuel L\u00f3pez Obrador&nbsp;<\/strong>por la cercan\u00eda que tuvo con su abuelo,&nbsp;<strong>Fernando Coello Pedrero<\/strong>. Se ha convertido en el interlocutor real de los verdes ante la 4T, quien tiene derecho de picaporte y acceso directo a Palacio Nacional, cosa contraria de&nbsp;<strong>Jorge Emilio Gonz\u00e1lez<\/strong>, defenestrado en el entorno del tabasque\u00f1o. Habr\u00e1 que ver si la fuerza de Velasco le alcanza para ganar Chiapas. Si el Verde va solo, le restar\u00e1 votos a los guindas, sobre todo si el Presidente se aferra a mandar a&nbsp;<strong>Zo\u00e9 Robledo<\/strong>, quien aparece abajo en las preferencias electorales.<\/p>\n\n\n\n<p><strong>NORMA PI\u00d1A DEJ\u00d3&nbsp;<\/strong>plantados esta semana a los diputados cuatrote\u00edstas que v\u00eda&nbsp;<strong>Ignacio Mier&nbsp;<\/strong>la invitaron a los conversatorios sobre la Reforma al Poder Judicial. La Presidenta de la Suprema Corte les dijo por escrito que el resto de los ministros \u201cno hab\u00edan autorizado su asistencia\u201d, lo que llam\u00f3 la atenci\u00f3n del Congreso y sobre todo de Morena, pues la cabeza de la Corte nunca ha pedido permiso a sus pares para ir a eventos protocolarios. Pi\u00f1a a cambio pidi\u00f3 tambi\u00e9n por escrito a los diputados que invitaran en lo individual al resto de sus compa\u00f1eros. \u00bfPor qu\u00e9 no va la Presidenta, pero solicita la presencia de los dem\u00e1s ministros? El desaire de Pi\u00f1a va a ser muy costoso porque ahora la oposici\u00f3n se ir\u00e1 con todo contra los m\u00e1s de 21 mil millones de pesos que la Corte tiene en sus fideicomisos.<\/p>\n\n\n\n<p><strong>EN EL PAN&nbsp;<\/strong>se empieza a ver un cisma. Y es que las dirigencias panistas en varios estados ya hab\u00edan pactado con&nbsp;<strong>Santiago Creel&nbsp;<\/strong>apoyarle en la candidatura presidencial de 2024. Ten\u00edan el benepl\u00e1cito del presidente del partido,&nbsp;<strong>Marko Cort\u00e9s<\/strong>. Pero las bases militantes en las entidades se han venido rebelando en los \u00faltimos d\u00edas, dando el apoyo a&nbsp;<strong>X\u00f3chitl G\u00e1lvez<\/strong>. Ven a la senadora hidalguense como alguien disruptiva y que est\u00e1 energizando la carrera presidencial. Creel, hasta el d\u00eda de su registro, estaba confiado en tener los votos de la militancia, aproximadamente 200 mil, pero con una desbandada en curso la l\u00ednea dura de la c\u00fapula blanquiazul parece que ya no le puede garantizar nada.<\/p>\n\n\n\n<p>POR DAR\u00cdO CELIS ESTRADA<\/p>\n\n\n\n<p>Fuente: heraldodemexico<\/p>\n","protected":false},"excerpt":{"rendered":"<p>LOS PEORES CAMBIOS&nbsp;de gobierno son los que, parad\u00f3jicamente, se dan entre partidos afines. La historia pol\u00edtica del M\u00e9xico de los \u00faltimos 30 a\u00f1os as\u00ed lo demuestra. Cuando&nbsp;Vicente Fox&nbsp;entreg\u00f3 la administraci\u00f3n a&nbsp;Felipe Calder\u00f3n, la entonces jefa de la Oficina de la Presidencia,&nbsp;Patricia Flores, reuni\u00f3 a los funcionarios foxistas y los corri\u00f3. No qued\u00f3 ninguno en el [&hellip;]<\/p>\n","protected":false},"author":2,"featured_media":119823,"comment_status":"open","ping_status":"open","sticky":false,"template":"","format":"standard","meta":{"footnotes":""},"categories":[11],"tags":[],"class_list":["post-119822","post","type-post","status-publish","format-standard","has-post-thumbnail","hentry","category-espectaculos"],"_links":{"self":[{"href":"http:\/\/elcuartopoder.com.mx\/nw\/wp-json\/wp\/v2\/posts\/119822","targetHints":{"allow":["GET"]}}],"collection":[{"href":"http:\/\/elcuartopoder.com.mx\/nw\/wp-json\/wp\/v2\/posts"}],"about":[{"href":"http:\/\/elcuartopoder.com.mx\/nw\/wp-json\/wp\/v2\/types\/post"}],"author":[{"embeddable":true,"href":"http:\/\/elcuartopoder.com.mx\/nw\/wp-json\/wp\/v2\/users\/2"}],"replies":[{"embeddable":true,"href":"http:\/\/elcuartopoder.com.mx\/nw\/wp-json\/wp\/v2\/comments?post=119822"}],"version-history":[{"count":1,"href":"http:\/\/elcuartopoder.com.mx\/nw\/wp-json\/wp\/v2\/posts\/119822\/revisions"}],"predecessor-version":[{"id":119824,"href":"http:\/\/elcuartopoder.com.mx\/nw\/wp-json\/wp\/v2\/posts\/119822\/revisions\/119824"}],"wp:featuredmedia":[{"embeddable":true,"href":"http:\/\/elcuartopoder.com.mx\/nw\/wp-json\/wp\/v2\/media\/119823"}],"wp:attachment":[{"href":"http:\/\/elcuartopoder.com.mx\/nw\/wp-json\/wp\/v2\/media?parent=119822"}],"wp:term":[{"taxonomy":"category","embeddable":true,"href":"http:\/\/elcuartopoder.com.mx\/nw\/wp-json\/wp\/v2\/categories?post=119822"},{"taxonomy":"post_tag","embeddable":true,"href":"http:\/\/elcuartopoder.com.mx\/nw\/wp-json\/wp\/v2\/tags?post=119822"}],"curies":[{"name":"wp","href":"https:\/\/api.w.org\/{rel}","templated":true}]}}