{"id":120030,"date":"2023-07-15T17:23:32","date_gmt":"2023-07-15T22:23:32","guid":{"rendered":"http:\/\/elcuartopoder.com.mx\/nw\/?p=120030"},"modified":"2023-07-15T17:23:35","modified_gmt":"2023-07-15T22:23:35","slug":"el-color-del-oceano-esta-cambiando-como-consecuencia-del-cambio-climatico","status":"publish","type":"post","link":"http:\/\/elcuartopoder.com.mx\/nw\/qtp\/el-color-del-oceano-esta-cambiando-como-consecuencia-del-cambio-climatico\/","title":{"rendered":"El color del oc\u00e9ano est\u00e1 cambiando como consecuencia del cambio clim\u00e1tico"},"content":{"rendered":"\n<p class=\"wp-block-paragraph\">El\u00a0oc\u00e9ano\u00a0cada vez es\u00a0<strong>menos azul<\/strong>. Poco a poco, a lo largo de los \u00faltimos 20 a\u00f1os, su color se ha ido transformando en la mayor parte de la\u00a0superficie marina. En concreto, la modificaci\u00f3n afecta ya al 56 por ciento de los oc\u00e9anos del mundo y detr\u00e1s est\u00e1 el<strong>\u00a0cambio clim\u00e1tico<\/strong>, seg\u00fan concluyen este mi\u00e9rcoles en un estudio publicado en\u00a0&#8216;Nature&#8217;\u00a0cient\u00edficos del MIT y del Centro Nacional de Oceanograf\u00eda del Reino Unido.<\/p>\n\n\n\n<p class=\"wp-block-paragraph\">El color del oc\u00e9ano es un producto visual que refleja todo lo que se encuentra en sus capas superiores. Y aunque esa transformaci\u00f3n est\u00e1 siendo demasiado sutil por ahora para el ojo humano\ufeff, las observaciones satelitales muestran que<strong>&nbsp;el azul est\u00e1 dando paso al verde<\/strong>,\ufeff lo que implica una mayor presencia de&nbsp;<strong>fitoplancton<\/strong>, que contiene el pigmento verde clorofila. Esto est\u00e1 ocurriendo especialmente en&nbsp;<strong>oc\u00e9anos tropicales, cerca del Ecuador<\/strong>.<\/p>\n\n\n\n<p class=\"wp-block-paragraph\">La vida y el estado de la\u00a0superficie oce\u00e1nica\u00a0cambia de a\u00f1o a a\u00f1o. Es un ecosistema din\u00e1mico. Sin embargo, la extensi\u00f3n de las modificaciones, producidas a lo largo de 20 a\u00f1os, no pueden explicarse solo por la variabilidad natural de un a\u00f1o a otro, dicen los investigadores, que apuntan a que este fen\u00f3meno se debe a un cambio en los ecosistemas. Lo que todav\u00eda no saben es c\u00f3mo, ni sus consecuencias.<\/p>\n\n\n\n<h3 class=\"wp-block-heading\">\u00abAterrador\u00bb<\/h3>\n\n\n\n<p class=\"wp-block-paragraph\">\u00abVer que realmente sucede no es sorprendente, sino&nbsp;<strong>aterrador<\/strong>. Y estos cambios son consistentes con los cambios inducidos por el hombre en nuestro clima\u00bb, dice la coautora del estudio Stephanie Dutkiewicz. \u00abEsto brinda evidencia adicional de c\u00f3mo las actividades humanas est\u00e1n afectando la vida en la Tierra&nbsp;<strong>en una gran extensi\u00f3n espacial\u00bb<\/strong>, agrega el autor principal BB Cael.<\/p>\n\n\n\n<p class=\"wp-block-paragraph\">El fitoplancton es la base de la cadena alimenticia marina, que sostiene organismos cada vez m\u00e1s complejos, desde krill y peces, hasta aves y mam\u00edferos marinos. El fitoplancton tambi\u00e9n ayuda a capturar y almacenar di\u00f3xido de carbono. Por eso, los cambios que registre pueden tener un impacto directo en los ecosistemas marinos.<\/p>\n\n\n\n<p class=\"wp-block-paragraph\">Las mediciones han sido realizadas por el sat\u00e9lite MODIS-Aqua durante los \u00faltimos 20 a\u00f1os.<\/p>\n\n\n\n<p class=\"wp-block-paragraph\">Fuente: ABC<\/p>\n","protected":false},"excerpt":{"rendered":"<p>El\u00a0oc\u00e9ano\u00a0cada vez es\u00a0menos azul. Poco a poco, a lo largo de los \u00faltimos 20 a\u00f1os, su color se ha ido transformando en la mayor parte de la\u00a0superficie marina. En concreto, la modificaci\u00f3n afecta ya al 56 por ciento de los oc\u00e9anos del mundo y detr\u00e1s est\u00e1 el\u00a0cambio clim\u00e1tico, seg\u00fan concluyen este mi\u00e9rcoles en un estudio [&hellip;]<\/p>\n","protected":false},"author":2,"featured_media":120031,"comment_status":"open","ping_status":"open","sticky":false,"template":"","format":"standard","meta":{"footnotes":""},"categories":[58],"tags":[],"class_list":["post-120030","post","type-post","status-publish","format-standard","has-post-thumbnail","hentry","category-qtp"],"_links":{"self":[{"href":"http:\/\/elcuartopoder.com.mx\/nw\/wp-json\/wp\/v2\/posts\/120030","targetHints":{"allow":["GET"]}}],"collection":[{"href":"http:\/\/elcuartopoder.com.mx\/nw\/wp-json\/wp\/v2\/posts"}],"about":[{"href":"http:\/\/elcuartopoder.com.mx\/nw\/wp-json\/wp\/v2\/types\/post"}],"author":[{"embeddable":true,"href":"http:\/\/elcuartopoder.com.mx\/nw\/wp-json\/wp\/v2\/users\/2"}],"replies":[{"embeddable":true,"href":"http:\/\/elcuartopoder.com.mx\/nw\/wp-json\/wp\/v2\/comments?post=120030"}],"version-history":[{"count":1,"href":"http:\/\/elcuartopoder.com.mx\/nw\/wp-json\/wp\/v2\/posts\/120030\/revisions"}],"predecessor-version":[{"id":120032,"href":"http:\/\/elcuartopoder.com.mx\/nw\/wp-json\/wp\/v2\/posts\/120030\/revisions\/120032"}],"wp:featuredmedia":[{"embeddable":true,"href":"http:\/\/elcuartopoder.com.mx\/nw\/wp-json\/wp\/v2\/media\/120031"}],"wp:attachment":[{"href":"http:\/\/elcuartopoder.com.mx\/nw\/wp-json\/wp\/v2\/media?parent=120030"}],"wp:term":[{"taxonomy":"category","embeddable":true,"href":"http:\/\/elcuartopoder.com.mx\/nw\/wp-json\/wp\/v2\/categories?post=120030"},{"taxonomy":"post_tag","embeddable":true,"href":"http:\/\/elcuartopoder.com.mx\/nw\/wp-json\/wp\/v2\/tags?post=120030"}],"curies":[{"name":"wp","href":"https:\/\/api.w.org\/{rel}","templated":true}]}}