{"id":120036,"date":"2023-07-15T17:35:06","date_gmt":"2023-07-15T22:35:06","guid":{"rendered":"http:\/\/elcuartopoder.com.mx\/nw\/?p=120036"},"modified":"2023-07-15T17:35:10","modified_gmt":"2023-07-15T22:35:10","slug":"catastrofe-climatica-indiferencia-por-que","status":"publish","type":"post","link":"http:\/\/elcuartopoder.com.mx\/nw\/destacadas\/catastrofe-climatica-indiferencia-por-que\/","title":{"rendered":"Cat\u00e1strofe clim\u00e1tica, indiferencia \u00bfpor qu\u00e9?"},"content":{"rendered":"\n<p class=\"wp-block-paragraph\">Hay que preguntar directamente por qu\u00e9 no actuamos ante la evidencia cada vez m\u00e1s abrazadora y tr\u00e1gica del calentamiento global. No son suficientes las estad\u00edsticas de temperatura extrema, ni las tendencias evidentes de su escalamiento exponencial (el \u201cPalo de Hockey\u201d de Mann, Bradley y Hughes). Tampoco, las consecuencias catastr\u00f3ficas que se proyectan con miles de muertes por calor y deshidrataci\u00f3n, adem\u00e1s de tormentas de fuego infernales por incendios forestales masivos, aire saturado de part\u00edculas t\u00f3xicas, mares hirvientes, elevaci\u00f3n desastrosa en los niveles del mar, inundaciones b\u00edblicas, muerte masiva de corales, desaparici\u00f3n de glaciares y del hielo en el \u00c1rtico, derretimiento de la Ant\u00e1rtida y Groenlandia, sequ\u00edas y hambrunas apocal\u00edpticas, y la alteraci\u00f3n de corrientes marinas y sistemas de circulaci\u00f3n atmosf\u00e9rica, que transformar\u00e1n radicalmente el clima de la Tierra, provocando con ello cientos de millones de refugiados clim\u00e1ticos. Nada de eso nos logra verdaderamente conmover ni hacer cambiar nuestras conductas, aspiraciones y preferencias. Los reportes noticiosos nos siguen pareciendo algo ajeno y lejano, incluso, sobre lo que ocurre frente a nuestras narices, o a unos cuantos cientos de kil\u00f3metros. Gobernantes prosiguen subsidiando combustibles f\u00f3siles (como en M\u00e9xico), construyendo refiner\u00edas de petr\u00f3leo (como en M\u00e9xico), e incluso bloqueando a las energ\u00edas limpias (como en M\u00e9xico), o promoviendo la deforestaci\u00f3n (como en M\u00e9xico, \u201cSembrando Vida\u201d y el Tren Maya). Todos quieren gasolinas baratas, camionetas o veh\u00edculos monstruosos (y de p\u00e9simo gusto), y consumir carne a placer y a discreci\u00f3n. No son s\u00f3lo los \u201cpa\u00edses ricos\u201d los responsables, sino todas las clases medias y altas de todo el mundo, que pueden acceder y\/o aspiran a ello, y cuyas emisiones per c\u00e1pita de CO2 son m\u00e1s o menos similares. Son referencias culturales universales arraigadas en una consciencia petrificada y hasta ahora inamovible que, literalmente, destruye al planeta. Desde Mozambique hasta Texas, desde Mexicali y Hermosillo hasta Yakarta y Londres, desde Lagos y Mumbai hasta Veracruz y Shangh\u00e1i. Algunos culpan al capitalismo, y con eso se solazan y se vengan emocionalmente (despu\u00e9s de la derrota intelectual, moral y existencial del marxismo). Pero el capitalismo s\u00f3lo es un medio para satisfacer \u2013 de la manera m\u00e1s eficiente \u2013 los deseos agregados de las personas, cualesquiera que estos sean. No es el capitalismo, somos nosotros. La teor\u00eda econ\u00f3mica y el capitalismo no juzgan las preferencias ni las funciones de utilidad de los consumidores; las toman como algo dado o \u201cex\u00f3geno\u201d.<\/p>\n\n\n\n<p class=\"wp-block-paragraph\">El futuro nos importa un bledo, m\u00e1s all\u00e1 de nuestro horizonte de tiempo habitual o del per\u00edodo de vida \u00fatil de determinados proyectos de inversi\u00f3n. La mente humana opera con tasas de descuento (o tasas de inter\u00e9s) muy altas; \u201cdescontamos\u201d el futuro de manera brutal. Los costos de la cat\u00e1strofe clim\u00e1tica dentro de 50 o 100 a\u00f1os son despreciables descontados al 10% o al 15%, y tra\u00eddos a valor presente, es decir, ahora. Nos est\u00e1 matando el Valor Presente Neto, en cuyo denominador, siniestramente, aparecen estos 10% o 15% como verdaderos factores de exterminio. M\u00e1s a\u00fan, estamos, sin poder salir, atrapados en la Tragedia de los Recursos Comunes de Garrett Hardin, y en el problema de la Acci\u00f3n Colectiva de Mancur Olson: Nadie quiere asumir plenamente los costos y la iniciativa de la acci\u00f3n clim\u00e1tica: los costos se concentran y los beneficios son difusos y a largo plazo. Todos explotamos o utilizamos la atm\u00f3sfera del planeta como resumidero de nuestras emisiones por el uso de combustibles f\u00f3siles. Si no lo hacemos nosotros, lo har\u00e1 alguien m\u00e1s. La racionalidad individual nos lleva a devastar el clima de la Tierra, al maximizar nuestra utilidad a corto plazo. (Cada persona, empresa y gobierno act\u00faan de manera similar). La atm\u00f3sfera y el clima del planeta son bienes p\u00fablicos globales vitales, y no existen a\u00fan instituciones eficaces de regulaci\u00f3n y gobernanza. (El Acuerdo de Par\u00eds en materia de cambio clim\u00e1tico es apenas un esbozo preliminar, que el gobierno mexicano pisotea). Y es dif\u00edcil que los haya. Ning\u00fan gobierno (m\u00e1s o menos democr\u00e1tico) se atreve a ir en contra de las preferencias e intereses de sus electores. Tambi\u00e9n, el combatir el calentamiento global conlleva una verdadera revoluci\u00f3n industrial: energ\u00edas limpias, veh\u00edculos el\u00e9ctricos, dejar atr\u00e1s los combustibles f\u00f3siles, acabar con la deforestaci\u00f3n provocada por la agricultura y la ganader\u00eda, transformar la matriz energ\u00e9tica de industrias estrat\u00e9gicas (cemento, siderurgia, petroqu\u00edmica), y sustituir la carne de res con opciones vegetales o de c\u00e9lulas madre. Todo ello implica que intereses o grupos sociales importantes van a perder, y por tanto, a resistir los cambios necesarios, y a paralizar a los gobiernos. Por otro lado, el impuesto al carbono en los combustibles f\u00f3siles (Carbon Tax), que la teor\u00eda econ\u00f3mica prescribe como instrumento cardinal para combatir el calentamiento global \u2013 internalizando costos \u2013 es impopular y frecuentemente regresivo; o sea, los m\u00e1s pobres son los m\u00e1s afectados. Sin un mecanismo de compensaci\u00f3n aceptable, es pol\u00edticamente inviable. \u00bfEstamos condenando al planeta? \u00bfQu\u00e9 Hacer?<\/p>\n","protected":false},"excerpt":{"rendered":"<p>Hay que preguntar directamente por qu\u00e9 no actuamos ante la evidencia cada vez m\u00e1s abrazadora y tr\u00e1gica del calentamiento global. No son suficientes las estad\u00edsticas de temperatura extrema, ni las tendencias evidentes de su escalamiento exponencial (el \u201cPalo de Hockey\u201d de Mann, Bradley y Hughes). Tampoco, las consecuencias catastr\u00f3ficas que se proyectan con miles de [&hellip;]<\/p>\n","protected":false},"author":2,"featured_media":120037,"comment_status":"open","ping_status":"open","sticky":false,"template":"","format":"standard","meta":{"footnotes":""},"categories":[59],"tags":[],"class_list":["post-120036","post","type-post","status-publish","format-standard","has-post-thumbnail","hentry","category-destacadas"],"_links":{"self":[{"href":"http:\/\/elcuartopoder.com.mx\/nw\/wp-json\/wp\/v2\/posts\/120036","targetHints":{"allow":["GET"]}}],"collection":[{"href":"http:\/\/elcuartopoder.com.mx\/nw\/wp-json\/wp\/v2\/posts"}],"about":[{"href":"http:\/\/elcuartopoder.com.mx\/nw\/wp-json\/wp\/v2\/types\/post"}],"author":[{"embeddable":true,"href":"http:\/\/elcuartopoder.com.mx\/nw\/wp-json\/wp\/v2\/users\/2"}],"replies":[{"embeddable":true,"href":"http:\/\/elcuartopoder.com.mx\/nw\/wp-json\/wp\/v2\/comments?post=120036"}],"version-history":[{"count":1,"href":"http:\/\/elcuartopoder.com.mx\/nw\/wp-json\/wp\/v2\/posts\/120036\/revisions"}],"predecessor-version":[{"id":120038,"href":"http:\/\/elcuartopoder.com.mx\/nw\/wp-json\/wp\/v2\/posts\/120036\/revisions\/120038"}],"wp:featuredmedia":[{"embeddable":true,"href":"http:\/\/elcuartopoder.com.mx\/nw\/wp-json\/wp\/v2\/media\/120037"}],"wp:attachment":[{"href":"http:\/\/elcuartopoder.com.mx\/nw\/wp-json\/wp\/v2\/media?parent=120036"}],"wp:term":[{"taxonomy":"category","embeddable":true,"href":"http:\/\/elcuartopoder.com.mx\/nw\/wp-json\/wp\/v2\/categories?post=120036"},{"taxonomy":"post_tag","embeddable":true,"href":"http:\/\/elcuartopoder.com.mx\/nw\/wp-json\/wp\/v2\/tags?post=120036"}],"curies":[{"name":"wp","href":"https:\/\/api.w.org\/{rel}","templated":true}]}}