{"id":120048,"date":"2023-07-15T17:47:15","date_gmt":"2023-07-15T22:47:15","guid":{"rendered":"http:\/\/elcuartopoder.com.mx\/nw\/?p=120048"},"modified":"2023-07-15T17:47:16","modified_gmt":"2023-07-15T22:47:16","slug":"quinta-ola-de-calor-en-mexico-ya-empezo-y-en-que-estados-sentira","status":"publish","type":"post","link":"http:\/\/elcuartopoder.com.mx\/nw\/nacionales\/quinta-ola-de-calor-en-mexico-ya-empezo-y-en-que-estados-sentira\/","title":{"rendered":"Quinta ola de calor en M\u00e9xico: \u00bfya empez\u00f3 y en qu\u00e9 estados sentir\u00e1?"},"content":{"rendered":"\n<p class=\"wp-block-paragraph\">Aunque el calor no ha sido tan sofocante como las semanas pasadas, la poblaci\u00f3n ya se pregunta cu\u00e1ndo se ir\u00e1 de territorio mexicano para dar paso a temperaturas m\u00e1s refrescantes. Seg\u00fan los cient\u00edficos de la Universidad Nacional Aut\u00f3noma de M\u00e9xico (UNAM), las olas de calor que se han registrado en el pa\u00eds durante este a\u00f1o han sido excepcionales. Normalmente, este fen\u00f3meno clim\u00e1tico ocurre entre los meses de marzo y mayo, pero en 2023, la tercera ola se present\u00f3 en junio, seguida de la cuarta que comenz\u00f3 a principios de julio y acaba de concluir.<\/p>\n\n\n\n<p class=\"wp-block-paragraph\">De acuerdo con una publicaci\u00f3n de Gaceta UNAM, el aumento de la temperatura en M\u00e9xico ha sido constante. La cuarta ola, la m\u00e1s reciente, ha afectado al pa\u00eds de manera significativa, especialmente en la regi\u00f3n norte desde el 1 de julio. Sin embargo, los cient\u00edficos del Instituto de Ciencias de la Atm\u00f3sfera y Cambio Clim\u00e1tico de la UNAM no descartan la posibilidad de que se presente una quinta ola de calor en la segunda parte del mes. Sin embargo, hasta el momento no hay info<\/p>\n\n\n\n<h2 class=\"wp-block-heading\">\u00bfYa empez\u00f3 la quinta ola de calor en M\u00e9xico?<\/h2>\n\n\n\n<p class=\"wp-block-paragraph\">Sin embargo, la&nbsp;<strong>Secretar\u00eda de Gesti\u00f3n Integral de Riesgos y Protecci\u00f3n Civil&nbsp;<\/strong>de la Ciudad de M\u00e9xico advirti\u00f3 que desde ayer&nbsp;<strong>jueves 13 de julio,&nbsp;<\/strong>la temperatura m\u00e1xima en la capital del pa\u00eds oscilar\u00eda&nbsp;entre&nbsp;los<strong>&nbsp;28 y 32 grados cent\u00edgrados,<\/strong>&nbsp;extendi\u00e9ndose&nbsp;al menos&nbsp;hasta el domingo 16 de julio, por lo que pidi\u00f3 a la ciudadan\u00eda&nbsp;no exponerse por mucho tiempo al sol&nbsp;y vestir ropa de colores claros as\u00ed como usar gorras o sombreros para protegerse de los intensos rayos.<\/p>\n\n\n\n<figure class=\"wp-block-image\"><img decoding=\"async\" src=\"https:\/\/heraldodemexico.com.mx\/u\/fotografias\/m\/2023\/7\/13\/f768x400-764572_808475_5050.jpg\" alt=\"\"\/><figcaption>Foto: Cuartoscuro<\/figcaption><\/figure>\n\n\n\n<h2 class=\"wp-block-heading\">\u00bfQu\u00e9 estados sentir\u00e1n m\u00e1s el calor en M\u00e9xico?<\/h2>\n\n\n\n<p class=\"wp-block-paragraph\">De acuerdo con informaci\u00f3n de la Comisi\u00f3n Nacional del Agua (Conagua), el clima extremadamente caluroso con temperaturas entre los<strong>&nbsp;40 y 45 grados<\/strong>&nbsp;afectar\u00e1 a varias de las regiones de los estados durante los pr\u00f3ximos d\u00edas:&nbsp;Baja California, Chihuahua, Coahuila, Nuevo Le\u00f3n, Sonora, Tamaulipas&nbsp;Campeche, Durango, Michoac\u00e1n, San Luis Potos\u00ed, Sinaloa, Tabasco, Veracruz y Yucat\u00e1n.<\/p>\n\n\n\n<p class=\"wp-block-paragraph\">Por otro lado, las temperaturas m\u00e1ximas para Baja California Sur, Nayarit, Jalisco, Colima, Guerrero, Oaxaca, Chiapas\u00a0y Quintana Roo ser\u00e1n de de 35 a 40 \u00b0C. Continuando con\u00a0Zacatecas, Aguascalientes, Guanajuato, Quer\u00e9taro, Hidalgo, Puebla (norte y suroeste) y Morelos, que tendr\u00e1n temperaturas m\u00e1ximas de 30 a 35 \u00b0C.\u00a0<\/p>\n\n\n\n<h2 class=\"wp-block-heading\">\u00bfQu\u00e9 es una ola de calor?<\/h2>\n\n\n\n<p class=\"wp-block-paragraph\">Las olas de calor son masas de aire que presionan hacia abajo por gravedad, originadas por el aumento de manchas urbanas,&nbsp;la deforestaci\u00f3n e incendios forestales, circunstancias que provocan calentamiento en crecimiento por la&nbsp;<strong>estabilidad atmosf\u00e9rica,<\/strong>&nbsp;actualmente sin viento y nubosidad. Tambi\u00e9n se refiere a un per\u00edodo de tiempo en el que las temperaturas son inusualmente altas en comparaci\u00f3n con las condiciones clim\u00e1ticas normales de una determinada regi\u00f3n.<\/p>\n\n\n\n<p class=\"wp-block-paragraph\">Durante una ola de calor, las temperaturas diurnas suelen ser excepcionalmente altas y las temperaturas nocturnas no descienden significativamente, lo que dificulta el alivio y la recuperaci\u00f3n de los seres vivos que las sufren. Estas condiciones extremas pueden tener un impacto significativo en la<strong>\u00a0salud humana<\/strong>, pues se puede experimentar s\u00edntomas como deshidrataci\u00f3n, dolor de cabeza, n\u00e1useas, mareos, adem\u00e1s de las quemaduras por el sol.<\/p>\n\n\n\n<p class=\"wp-block-paragraph\">Fuente: heraldodemexico<\/p>\n","protected":false},"excerpt":{"rendered":"<p>Aunque el calor no ha sido tan sofocante como las semanas pasadas, la poblaci\u00f3n ya se pregunta cu\u00e1ndo se ir\u00e1 de territorio mexicano para dar paso a temperaturas m\u00e1s refrescantes. Seg\u00fan los cient\u00edficos de la Universidad Nacional Aut\u00f3noma de M\u00e9xico (UNAM), las olas de calor que se han registrado en el pa\u00eds durante este a\u00f1o [&hellip;]<\/p>\n","protected":false},"author":2,"featured_media":120049,"comment_status":"open","ping_status":"open","sticky":false,"template":"","format":"standard","meta":{"footnotes":""},"categories":[55],"tags":[],"class_list":["post-120048","post","type-post","status-publish","format-standard","has-post-thumbnail","hentry","category-nacionales"],"_links":{"self":[{"href":"http:\/\/elcuartopoder.com.mx\/nw\/wp-json\/wp\/v2\/posts\/120048","targetHints":{"allow":["GET"]}}],"collection":[{"href":"http:\/\/elcuartopoder.com.mx\/nw\/wp-json\/wp\/v2\/posts"}],"about":[{"href":"http:\/\/elcuartopoder.com.mx\/nw\/wp-json\/wp\/v2\/types\/post"}],"author":[{"embeddable":true,"href":"http:\/\/elcuartopoder.com.mx\/nw\/wp-json\/wp\/v2\/users\/2"}],"replies":[{"embeddable":true,"href":"http:\/\/elcuartopoder.com.mx\/nw\/wp-json\/wp\/v2\/comments?post=120048"}],"version-history":[{"count":1,"href":"http:\/\/elcuartopoder.com.mx\/nw\/wp-json\/wp\/v2\/posts\/120048\/revisions"}],"predecessor-version":[{"id":120050,"href":"http:\/\/elcuartopoder.com.mx\/nw\/wp-json\/wp\/v2\/posts\/120048\/revisions\/120050"}],"wp:featuredmedia":[{"embeddable":true,"href":"http:\/\/elcuartopoder.com.mx\/nw\/wp-json\/wp\/v2\/media\/120049"}],"wp:attachment":[{"href":"http:\/\/elcuartopoder.com.mx\/nw\/wp-json\/wp\/v2\/media?parent=120048"}],"wp:term":[{"taxonomy":"category","embeddable":true,"href":"http:\/\/elcuartopoder.com.mx\/nw\/wp-json\/wp\/v2\/categories?post=120048"},{"taxonomy":"post_tag","embeddable":true,"href":"http:\/\/elcuartopoder.com.mx\/nw\/wp-json\/wp\/v2\/tags?post=120048"}],"curies":[{"name":"wp","href":"https:\/\/api.w.org\/{rel}","templated":true}]}}