{"id":120054,"date":"2023-07-16T09:58:09","date_gmt":"2023-07-16T14:58:09","guid":{"rendered":"http:\/\/elcuartopoder.com.mx\/nw\/?p=120054"},"modified":"2023-07-16T09:58:13","modified_gmt":"2023-07-16T14:58:13","slug":"kevin-spacey-es-acusado-de-12-cargos-por-agresion-sexual","status":"publish","type":"post","link":"http:\/\/elcuartopoder.com.mx\/nw\/entretenimiento\/espectaculos\/kevin-spacey-es-acusado-de-12-cargos-por-agresion-sexual\/","title":{"rendered":"Kevin Spacey es acusado de 12 cargos por agresi\u00f3n sexual"},"content":{"rendered":"\n<p class=\"wp-block-paragraph\"><strong>Kevin Spacey Fowler<\/strong>, se enfrent\u00f3 a un juicio el viernes 14, donde fue&nbsp;<strong>acusado<\/strong>&nbsp;de&nbsp;varios cargos por<strong>&nbsp;agresi\u00f3n sexual<\/strong>, ocurridos entre los a\u00f1os 2001 y 2013.<\/p>\n\n\n\n<p class=\"wp-block-paragraph\">El actor de 63 a\u00f1os declara que la raz\u00f3n por la que estaba siendo juzgado, era porque\u00a0<strong>las v\u00edctimas ganar\u00edan dinero<\/strong>\u00a0de la situaci\u00f3n o porque\u00a0<strong>se arrepintieron tiempo despu\u00e9s<\/strong>\u00a0de haber tenido su encuentro sexual.<\/p>\n\n\n\n<p class=\"wp-block-paragraph\">El juicio se llev\u00f3 a cabo en el&nbsp;<strong>Tribunal de la Corona<\/strong>&nbsp;en Southwark, en&nbsp;<strong>Londres<\/strong>, donde fue interrogado por la&nbsp;<strong>fiscal Christine Agnew,<\/strong>&nbsp;quien lo catalog\u00f3 como un &#8216;<strong>gran acosador sexual<\/strong>\u2019.<\/p>\n\n\n\n<blockquote class=\"wp-block-quote is-layout-flow wp-block-quote-is-layout-flow\"><p>&#8216;Ese es su t\u00e9rmino&#8217;, respondi\u00f3 Spacey.<\/p><\/blockquote>\n\n\n\n<p class=\"wp-block-paragraph\">Seg\u00fan el actor, le cuesta mucho confiar en las personas, por lo que hubo un tiempo en su vida en el que se sinti\u00f3 deca\u00eddo y su forma de \u2018alivianar\u2019 ese sentimiento, era a trav\u00e9s de encuentros sexuales con sujetos que se topaba.<\/p>\n\n\n\n<p class=\"wp-block-paragraph\">La declaraci\u00f3n de uno de sus v\u00edctimas, mencionaba que<strong>&nbsp;el actor lo hab\u00eda tocado en la entrepierna<\/strong>, haci\u00e9ndolo sentir inc\u00f3modo. Pero el actor mencion\u00f3 que eso era una exageraci\u00f3n.<\/p>\n\n\n\n<blockquote class=\"wp-block-quote is-layout-flow wp-block-quote-is-layout-flow\"><p>\u2018Dir\u00eda que, como lo veo, no es un agarre, ni un manoseo, es un toque suave\u2019, mencion\u00f3 el actor.<\/p><p>\u2018El hecho es, Sr. Spacey Fowler, que este es su modus operandi\u2019, dijo la fiscal.<\/p><\/blockquote>\n\n\n\n<p class=\"wp-block-paragraph\">La fiscal tuvo el arduo trabajo de hacer que el jurado viera al actor como el agresor que es y que se hab\u00eda aprovechado de su estatus como un actor reconocido, para acercarse a ciertas personas con intenciones retorcidas.<\/p>\n\n\n\n<p class=\"wp-block-paragraph\">Ser exitoso y tener conexiones, habr\u00eda sido un motivo para que las v\u00edctimas que presentaron cargos en su contra no hablaran, por temor a las represalias que pudieran afectar sus vidas.<a href=\"https:\/\/images.sipse.com\/5Y1T_YDEntYJLQACvUKm_OIOau4=\/fit-in\/900x500\/2023\/07\/15\/1689437782945.png\"><\/a>El juicio se llev\u00f3 a cabo en el Tribunal de la Corona en Southwark, en Londres. (Foto: Sipse)<\/p>\n\n\n\n<p class=\"wp-block-paragraph\">Por fortuna, a pesar del temor de ser afectados, las v\u00edctimas decidieron alzar la voz sobre las acciones inc\u00f3modas que el actor tuvo con ellos. Las identidades de las v\u00edctimas no se dieron a conocer para proteger sus integridades.<\/p>\n\n\n\n<p class=\"wp-block-paragraph\">Su actitud arrogante y evasiva aparentemente demuestra que Spacey no se tiene del todo c\u00f3modo con acusaciones que seg\u00fan \u00e9l son \u2018pura fantas\u00eda\u2019. En el transcurso de los siguientes d\u00edas,\u00a0<strong>continuar\u00e1 el juicio<\/strong>\u00a0en contra del actor.<\/p>\n\n\n\n<p class=\"wp-block-paragraph\">Fuente: SIPSE<\/p>\n","protected":false},"excerpt":{"rendered":"<p>Kevin Spacey Fowler, se enfrent\u00f3 a un juicio el viernes 14, donde fue&nbsp;acusado&nbsp;de&nbsp;varios cargos por&nbsp;agresi\u00f3n sexual, ocurridos entre los a\u00f1os 2001 y 2013. El actor de 63 a\u00f1os declara que la raz\u00f3n por la que estaba siendo juzgado, era porque\u00a0las v\u00edctimas ganar\u00edan dinero\u00a0de la situaci\u00f3n o porque\u00a0se arrepintieron tiempo despu\u00e9s\u00a0de haber tenido su encuentro sexual. [&hellip;]<\/p>\n","protected":false},"author":2,"featured_media":120055,"comment_status":"open","ping_status":"open","sticky":false,"template":"","format":"standard","meta":{"footnotes":""},"categories":[11],"tags":[],"class_list":["post-120054","post","type-post","status-publish","format-standard","has-post-thumbnail","hentry","category-espectaculos"],"_links":{"self":[{"href":"http:\/\/elcuartopoder.com.mx\/nw\/wp-json\/wp\/v2\/posts\/120054","targetHints":{"allow":["GET"]}}],"collection":[{"href":"http:\/\/elcuartopoder.com.mx\/nw\/wp-json\/wp\/v2\/posts"}],"about":[{"href":"http:\/\/elcuartopoder.com.mx\/nw\/wp-json\/wp\/v2\/types\/post"}],"author":[{"embeddable":true,"href":"http:\/\/elcuartopoder.com.mx\/nw\/wp-json\/wp\/v2\/users\/2"}],"replies":[{"embeddable":true,"href":"http:\/\/elcuartopoder.com.mx\/nw\/wp-json\/wp\/v2\/comments?post=120054"}],"version-history":[{"count":1,"href":"http:\/\/elcuartopoder.com.mx\/nw\/wp-json\/wp\/v2\/posts\/120054\/revisions"}],"predecessor-version":[{"id":120056,"href":"http:\/\/elcuartopoder.com.mx\/nw\/wp-json\/wp\/v2\/posts\/120054\/revisions\/120056"}],"wp:featuredmedia":[{"embeddable":true,"href":"http:\/\/elcuartopoder.com.mx\/nw\/wp-json\/wp\/v2\/media\/120055"}],"wp:attachment":[{"href":"http:\/\/elcuartopoder.com.mx\/nw\/wp-json\/wp\/v2\/media?parent=120054"}],"wp:term":[{"taxonomy":"category","embeddable":true,"href":"http:\/\/elcuartopoder.com.mx\/nw\/wp-json\/wp\/v2\/categories?post=120054"},{"taxonomy":"post_tag","embeddable":true,"href":"http:\/\/elcuartopoder.com.mx\/nw\/wp-json\/wp\/v2\/tags?post=120054"}],"curies":[{"name":"wp","href":"https:\/\/api.w.org\/{rel}","templated":true}]}}