{"id":120057,"date":"2023-07-16T10:00:48","date_gmt":"2023-07-16T15:00:48","guid":{"rendered":"http:\/\/elcuartopoder.com.mx\/nw\/?p=120057"},"modified":"2023-07-16T10:00:52","modified_gmt":"2023-07-16T15:00:52","slug":"asesinan-a-periodista-nelson-matus-en-acapulco-guerrero","status":"publish","type":"post","link":"http:\/\/elcuartopoder.com.mx\/nw\/policiacas\/asesinan-a-periodista-nelson-matus-en-acapulco-guerrero\/","title":{"rendered":"Asesinan a periodista Nelson Matus en Acapulco, Guerrero"},"content":{"rendered":"\n<p class=\"wp-block-paragraph\"><strong>Fuentes ministeriales del Estado de Guerrero<\/strong>&nbsp;informaron que este s\u00e1bado en&nbsp;<strong>Acapulco<\/strong>, el periodista &nbsp;<strong>Nelson Matus Pe\u00f1a<\/strong>, fue asesinado a balazos en las afueras de una tienda de conveniencia en la&nbsp;<strong>colonia Emiliano Zapata<\/strong>&nbsp;de este puerto.<\/p>\n\n\n\n<p class=\"wp-block-paragraph\">Era reconocido &nbsp;como director del portal de nota roja \u00ab<strong>Lo Real de Guerrero<\/strong>\u201d, el ataque violento se report\u00f3 poco despu\u00e9s de las 15:00 horas, seg\u00fan &nbsp;con los llamados al servicio de emergencias.<\/p>\n\n\n\n<p class=\"wp-block-paragraph\">Cuando llegaron param\u00e9dicos y polic\u00edas se percataron que la persona ya hab\u00eda fallecido.<\/p>\n\n\n\n<p class=\"wp-block-paragraph\">Al sitio llegaron autoridades de los tres \u00f3rdenes de gobierno y acordonaron el \u00e1rea. El cuerpo de la v\u00edctima qued\u00f3 tirado cerca de la puerta de su carro, que se dispon\u00eda a abordar antes del ataque.&nbsp;<\/p>\n\n\n\n<p class=\"wp-block-paragraph\">&nbsp;Reportes preliminares revelaron que la v\u00edctima fue atacada de forma directa y que presenta un impacto de arma de fuego en la cabeza.<\/p>\n\n\n\n<p class=\"wp-block-paragraph\">Informes &nbsp;de medios locales indicaron que el periodista ya hab\u00eda sufrido en el pasado por lo menos otros dos atentados en su contra concretamente en 2017 y 2019.<\/p>\n\n\n\n<p class=\"wp-block-paragraph\">Elementos de la Polic\u00eda estatal y de la Guardia Nacional desplegaron un operativo de b\u00fasqueda de los responsables, pero no se ha reportado la detenci\u00f3n de alguno de los agresores.<\/p>\n\n\n\n<p class=\"wp-block-paragraph\">De acuerdo con datos proporcionados por testigos a las autoridades se trata de dos sujetos que huyeron en un veh\u00edculo.<\/p>\n\n\n\n<p class=\"wp-block-paragraph\">&nbsp;Hasta ahora ninguna autoridad de Guerrero ha proporcionado una versi\u00f3n oficial sobre los hechos.<\/p>\n\n\n\n<p class=\"wp-block-paragraph\">\u00a0Entre los meses de enero y mayo los casos de homicidio en Guerrero reportan un aumento del 29.9% al pasar de 438 en el mismo periodo de 2022 a 569 en este 2023, seg\u00fan el Sistema Nacional de Seguridad P\u00fablica.<\/p>\n\n\n\n<p class=\"wp-block-paragraph\">Fuente: SIPSE<\/p>\n","protected":false},"excerpt":{"rendered":"<p>Fuentes ministeriales del Estado de Guerrero&nbsp;informaron que este s\u00e1bado en&nbsp;Acapulco, el periodista &nbsp;Nelson Matus Pe\u00f1a, fue asesinado a balazos en las afueras de una tienda de conveniencia en la&nbsp;colonia Emiliano Zapata&nbsp;de este puerto. Era reconocido &nbsp;como director del portal de nota roja \u00abLo Real de Guerrero\u201d, el ataque violento se report\u00f3 poco despu\u00e9s de las [&hellip;]<\/p>\n","protected":false},"author":2,"featured_media":120058,"comment_status":"open","ping_status":"open","sticky":false,"template":"","format":"standard","meta":{"footnotes":""},"categories":[23],"tags":[],"class_list":["post-120057","post","type-post","status-publish","format-standard","has-post-thumbnail","hentry","category-policiacas"],"_links":{"self":[{"href":"http:\/\/elcuartopoder.com.mx\/nw\/wp-json\/wp\/v2\/posts\/120057","targetHints":{"allow":["GET"]}}],"collection":[{"href":"http:\/\/elcuartopoder.com.mx\/nw\/wp-json\/wp\/v2\/posts"}],"about":[{"href":"http:\/\/elcuartopoder.com.mx\/nw\/wp-json\/wp\/v2\/types\/post"}],"author":[{"embeddable":true,"href":"http:\/\/elcuartopoder.com.mx\/nw\/wp-json\/wp\/v2\/users\/2"}],"replies":[{"embeddable":true,"href":"http:\/\/elcuartopoder.com.mx\/nw\/wp-json\/wp\/v2\/comments?post=120057"}],"version-history":[{"count":1,"href":"http:\/\/elcuartopoder.com.mx\/nw\/wp-json\/wp\/v2\/posts\/120057\/revisions"}],"predecessor-version":[{"id":120059,"href":"http:\/\/elcuartopoder.com.mx\/nw\/wp-json\/wp\/v2\/posts\/120057\/revisions\/120059"}],"wp:featuredmedia":[{"embeddable":true,"href":"http:\/\/elcuartopoder.com.mx\/nw\/wp-json\/wp\/v2\/media\/120058"}],"wp:attachment":[{"href":"http:\/\/elcuartopoder.com.mx\/nw\/wp-json\/wp\/v2\/media?parent=120057"}],"wp:term":[{"taxonomy":"category","embeddable":true,"href":"http:\/\/elcuartopoder.com.mx\/nw\/wp-json\/wp\/v2\/categories?post=120057"},{"taxonomy":"post_tag","embeddable":true,"href":"http:\/\/elcuartopoder.com.mx\/nw\/wp-json\/wp\/v2\/tags?post=120057"}],"curies":[{"name":"wp","href":"https:\/\/api.w.org\/{rel}","templated":true}]}}