{"id":120060,"date":"2023-07-16T10:02:37","date_gmt":"2023-07-16T15:02:37","guid":{"rendered":"http:\/\/elcuartopoder.com.mx\/nw\/?p=120060"},"modified":"2023-07-16T10:02:39","modified_gmt":"2023-07-16T15:02:39","slug":"polvo-del-sahara-ingreso-a-mexico-cuales-seran-los-estados-mas-afectados","status":"publish","type":"post","link":"http:\/\/elcuartopoder.com.mx\/nw\/nacionales\/polvo-del-sahara-ingreso-a-mexico-cuales-seran-los-estados-mas-afectados\/","title":{"rendered":"Polvo del Sahara ingres\u00f3 a M\u00e9xico \u00bfCu\u00e1les ser\u00e1n los estados m\u00e1s afectados?"},"content":{"rendered":"\n<p class=\"wp-block-paragraph\">El&nbsp;<strong>Servicio Meteorol\u00f3gico Nacional<\/strong>&nbsp;(<strong>SMN<\/strong>), inform\u00f3 que una nueva nube de&nbsp;<strong>polvo del Sahara<\/strong>&nbsp;llegar\u00e1 a&nbsp;<strong>M\u00e9xico<\/strong>&nbsp;este s\u00e1bado 15 de julio, por lo que solicitaron a la poblaci\u00f3n tomar medidas de precauci\u00f3n sobre todo para aquellas personas que son propensas a enfermedades respiratorias.<\/p>\n\n\n\n<p class=\"wp-block-paragraph\">Los especialistas se\u00f1alan que afectar\u00e1 a gran parte del pa\u00eds ya que podr\u00eda esparcirse en el sur, suroeste, oriente, el Golfo de M\u00e9xico y sobre la Pen\u00ednsula de Yucat\u00e1n.<\/p>\n\n\n\n<p class=\"wp-block-paragraph\">Los estados que prev\u00e9n que ser\u00e1n los m\u00e1s afectados incluyen a&nbsp;<strong>Quintana Roo<\/strong>, Campeche, Yucat\u00e1n, Puebla, Veracruz, Tlaxcala, Hidalgo, Chiapas y Tabasco.<\/p>\n\n\n\n<p class=\"wp-block-paragraph\">Adem\u00e1s los expertos se\u00f1alan que el pr\u00f3ximo viernes 21 de julio siga llegando a la naci\u00f3n este fen\u00f3meno, para aquel momento incluso mencionan que podr\u00eda ser una gran nube de polvo la que entre, por lo que los efectos podr\u00edan ser identificados m\u00e1s f\u00e1cilmente.<\/p>\n\n\n\n<p class=\"wp-block-paragraph\">Explicaron que de acuerdo con im\u00e1genes y modelos de sat\u00e9lite muestran que una nueva y extensa nube de polvo se desprendi\u00f3 de las costas noroccidentales de \u00c1frica y en la actualidad est\u00e1 cruzando el Oc\u00e9ano Atl\u00e1ntico, por lo que llegar\u00e1 a M\u00e9xico &nbsp;a finales de este &nbsp;mes.<\/p>\n\n\n\n<p class=\"wp-block-paragraph\">A\u00f1adieron que los principales efectos que provoca este fen\u00f3meno son amaneceres y atardeceres con tonalidades rojizas como consecuencia de la dispersi\u00f3n de los rayos solares por las part\u00edculas de polvo.<\/p>\n\n\n\n<p class=\"wp-block-paragraph\">Advirtieron que aunque las concentraciones de polvo son muy bajas y no representan un riesgo para las personas, s\u00ed podr\u00edan llegar a \u00a0tener efectos negativos como provocar\u00a0 irritaciones de la garganta, afectaci\u00f3n de las v\u00edas respiratorias e intensificar las alergias.<\/p>\n\n\n\n<p class=\"wp-block-paragraph\">Fuente: SIPSE<\/p>\n","protected":false},"excerpt":{"rendered":"<p>El&nbsp;Servicio Meteorol\u00f3gico Nacional&nbsp;(SMN), inform\u00f3 que una nueva nube de&nbsp;polvo del Sahara&nbsp;llegar\u00e1 a&nbsp;M\u00e9xico&nbsp;este s\u00e1bado 15 de julio, por lo que solicitaron a la poblaci\u00f3n tomar medidas de precauci\u00f3n sobre todo para aquellas personas que son propensas a enfermedades respiratorias. Los especialistas se\u00f1alan que afectar\u00e1 a gran parte del pa\u00eds ya que podr\u00eda esparcirse en el sur, [&hellip;]<\/p>\n","protected":false},"author":2,"featured_media":120061,"comment_status":"open","ping_status":"open","sticky":false,"template":"","format":"standard","meta":{"footnotes":""},"categories":[55],"tags":[],"class_list":["post-120060","post","type-post","status-publish","format-standard","has-post-thumbnail","hentry","category-nacionales"],"_links":{"self":[{"href":"http:\/\/elcuartopoder.com.mx\/nw\/wp-json\/wp\/v2\/posts\/120060","targetHints":{"allow":["GET"]}}],"collection":[{"href":"http:\/\/elcuartopoder.com.mx\/nw\/wp-json\/wp\/v2\/posts"}],"about":[{"href":"http:\/\/elcuartopoder.com.mx\/nw\/wp-json\/wp\/v2\/types\/post"}],"author":[{"embeddable":true,"href":"http:\/\/elcuartopoder.com.mx\/nw\/wp-json\/wp\/v2\/users\/2"}],"replies":[{"embeddable":true,"href":"http:\/\/elcuartopoder.com.mx\/nw\/wp-json\/wp\/v2\/comments?post=120060"}],"version-history":[{"count":1,"href":"http:\/\/elcuartopoder.com.mx\/nw\/wp-json\/wp\/v2\/posts\/120060\/revisions"}],"predecessor-version":[{"id":120062,"href":"http:\/\/elcuartopoder.com.mx\/nw\/wp-json\/wp\/v2\/posts\/120060\/revisions\/120062"}],"wp:featuredmedia":[{"embeddable":true,"href":"http:\/\/elcuartopoder.com.mx\/nw\/wp-json\/wp\/v2\/media\/120061"}],"wp:attachment":[{"href":"http:\/\/elcuartopoder.com.mx\/nw\/wp-json\/wp\/v2\/media?parent=120060"}],"wp:term":[{"taxonomy":"category","embeddable":true,"href":"http:\/\/elcuartopoder.com.mx\/nw\/wp-json\/wp\/v2\/categories?post=120060"},{"taxonomy":"post_tag","embeddable":true,"href":"http:\/\/elcuartopoder.com.mx\/nw\/wp-json\/wp\/v2\/tags?post=120060"}],"curies":[{"name":"wp","href":"https:\/\/api.w.org\/{rel}","templated":true}]}}