{"id":120066,"date":"2023-07-16T10:13:39","date_gmt":"2023-07-16T15:13:39","guid":{"rendered":"http:\/\/elcuartopoder.com.mx\/nw\/?p=120066"},"modified":"2023-07-16T10:13:43","modified_gmt":"2023-07-16T15:13:43","slug":"este-es-el-lugar-que-experimentara-la-mayor-temperatura-registrada-de-la-historia-un-infierno-en-la-tierra","status":"publish","type":"post","link":"http:\/\/elcuartopoder.com.mx\/nw\/internacionales\/este-es-el-lugar-que-experimentara-la-mayor-temperatura-registrada-de-la-historia-un-infierno-en-la-tierra\/","title":{"rendered":"Este es el lugar que experimentar\u00e1 la mayor temperatura registrada de la historia, &#8216;un infierno en la tierra&#8217;"},"content":{"rendered":"\n<p class=\"wp-block-paragraph\">El\u00a0calor\u00a0que experimentamos estos d\u00edas nos hacen creer que las puertas del Averno se han abierto de par en par para compartir temperaturas que\u00a0<strong>nos hacen sentir que estamos hirviendo a fuego lento cada vez que ponemos un pie en la calle<\/strong>. Y el pron\u00f3stico para las pr\u00f3ximas semanas no invita al optimismo ni a una tregua larga del calor. Sin embargo, hay un punto que ostenta el dudoso privilegio de haber registrado\u00a0<strong>las temperaturas m\u00e1s altas del planeta<\/strong>, bienvenidos a El Valle de la Muerte o Death Valley, en ingl\u00e9s.<\/p>\n\n\n\n<p class=\"wp-block-paragraph\">Se encuentra&nbsp;<strong>en EEUU, al sureste de California.<\/strong>&nbsp;Todos podemos dirigir la mirada a este lugar des\u00e9rtico o sentirnos aliviados de no estar all\u00ed, porque&nbsp;<strong>este 16 de julio,&nbsp;<\/strong>seg\u00fan el Servicio Nacional Meteorol\u00f3gico de los EE.UU.<strong>, se espera que los term\u00f3metros alcancen los 55 grados cent\u00edgrados<\/strong>, superando as\u00ed su propio r\u00e9cord y convirti\u00e9ndose en la m\u00e1s alta registrada en la Tierra. Esta cifra valida el que este lugar se anuncie a s\u00ed mismo como el lugar m\u00e1s bajo, c\u00e1lido y seco de la Tierra.<\/p>\n\n\n\n<p class=\"wp-block-paragraph\">Una zona que anteriormente,\u00a0<strong>el 16 de agosto de 2020 ya alcanzaba los 54,4 grados<\/strong>. Un inh\u00f3spito paraje situado en el desierto del Mojave que el 10 de\u00a0<strong>julio de 1913<\/strong>\u00a0se daba a conocer porque el term\u00f3metro marc\u00f3 la rese\u00f1able temperatura de\u00a0<strong>56,7\u00b0C.\u00a0<\/strong>Sin embargo el experto Christopher Burt apuntaba en la revista de la Universidad de Yale &#8216;Climate Connections&#8217; que el caso de 1913 es \u00abesencialmente no verificable\u00bb y \u00ab100% falso\u00ab. Lo mismo que ocurri\u00f3 en 1922 en la ciudad de Al &#8216;Aziziyah, en Libia, donde anunciaban falsamente que se hab\u00eda registrado m\u00e1s de 57 grados cent\u00edgrados.<\/p>\n\n\n\n<h3 class=\"wp-block-heading\">Turismo del calor<\/h3>\n\n\n\n<p class=\"wp-block-paragraph\">El Valle de la Muerte recibi\u00f3 su nombre de los valientes que atra\u00eddos por la fiebre del oro se atrevieron a cruzarlo a principios del siglo XIX.&nbsp;<strong>En 1994 fue declarado parque nacional<\/strong>&nbsp;y seg\u00fan las cifras de la direcci\u00f3n de parques nacionales estadounidense m\u00e1s de&nbsp;<strong>un mill\u00f3n de personas lo visitan<\/strong>&nbsp;cada a\u00f1o atra\u00eddos en muchos casos por&nbsp;<strong>la experiencia de primera mano de estar en uno de los lugares m\u00e1s extremos del planeta.<\/strong>&nbsp;De hecho, el reciente aviso de los meteor\u00f3logos ha generado en los \u00faltimos d\u00edas una ola de turismo, que no disuadidos por el el ventilador, vienen dispuestos a desafiar el calor.<\/p>\n\n\n\n<p class=\"wp-block-paragraph\">Seg\u00fan un art\u00edculo de ABC News, uno de sus visitantes, Daniel Jusehus tom\u00f3 una foto a principios de esta semana del term\u00f3metro situado en el exterior del Centro de visitantes de Furnace Creek, y ya mostraba 48,8 grados. Los letreros en las rutas de senderismo aconsejan no aventurarse por el parque despu\u00e9s de las 10 de la ma\u00f1ana, y l<strong>as temperaturas nocturnas se cree que alcanzar\u00e1n los 32 grados.<\/strong><\/p>\n\n\n\n<p class=\"wp-block-paragraph\">Un sol de verano salvaje en el que las rocas, la arena y el suelo todav\u00eda irradian calor despu\u00e9s del atardecer.&nbsp;<strong>\u00abSe siente como si el sol hubiera atravesado tu piel y se estuviera metiendo en tus huesos\u00bb,<\/strong>&nbsp;comentaba a los medios la guardabosques Nichole Andler. Otros mencionaron sentir que sus ojos se secaban por el viento caliente que barr\u00eda el valle.<\/p>\n\n\n\n<p class=\"wp-block-paragraph\">Y una turista escocesa describ\u00eda: \u00abHace mucho calor. Quiero decir, especialmente cuando hay una brisa, pensar\u00edas que tal vez eso te dar\u00eda un ligero alivio del calor, pero realmente se siente como un secador de aire volviendo a tu cara\u00bb. Estas zonas del valle est\u00e1n por debajo del nivel del mar y eso es uno de los factores que contribuye a tener este infierno terrenal.<\/p>\n\n\n\n<h3 class=\"wp-block-heading\">Aviso a navegantes<\/h3>\n\n\n\n<p class=\"wp-block-paragraph\">Este tipo de eventos concuerda con la t\u00f3nica ya advertida por<strong>&nbsp;<\/strong>la NASA que avisaba a principios de a\u00f1o que&nbsp;<strong>2023 ser\u00eda el m\u00e1s caluroso registrado por la agencia<\/strong>. Y ahora ha revelado que&nbsp;<strong>el pasado mes de junio se alcanzaron las marcas de term\u00f3metro m\u00e1s altas<\/strong>&nbsp;jam\u00e1s obtenidas.<\/p>\n\n\n\n<figure class=\"wp-block-image\"><img decoding=\"async\" src=\"https:\/\/s3.abcstatics.com\/abc\/www\/multimedia\/sociedad\/2023\/07\/15\/calor_20230715214928-U86138287274NpH-624x450@abc.jpg\" alt=\"Este es el lugar que experimentar\u00e1 la mayor temperatura registrada de la historia, &#039;un infierno en la tierra&#039;\"\/><figcaption>NASA<\/figcaption><\/figure>\n\n\n\n<p class=\"wp-block-paragraph\">Unas conclusiones que coinciden con los an\u00e1lisis del Servicio de Cambio Clim\u00e1tico Cop\u00e9rnico de la Uni\u00f3n Europea y los Centros Nacionales de Informaci\u00f3n Ambiental de la NOAA. Tambi\u00e9n se espera que las sequ\u00edas e inundaciones se vuelvan m\u00e1s frecuentes e intensos, con un inevitable coste humano.<\/p>\n\n\n\n<p class=\"wp-block-paragraph\">El an\u00e1lisis publicado en la revista &#8216;Nature Medicine&#8217; estimaba que entre el 30 de mayo y el 4 de septiembre de 2022 se dieron un total de 61.672 muertes relacionadas con el calor en Europa. Y<strong>\u00a0las muertes atribuidas al calor en Espa\u00f1a triplican la media de los \u00faltimos cinco a\u00f1os.<\/strong>\u00a0Y\u00a0<strong>en 2022 en nuestro pa\u00eds m\u00e1s de 11.000 personas<\/strong>\u00a0murieron por las altas temperaturas, tal como se\u00f1alaba una investigaci\u00f3n del Instituto de Salud Global de Barcelona (ISGlobal).<\/p>\n\n\n\n<p class=\"wp-block-paragraph\">Sucesos como el del Valle de la Muerte vienen a recordarnos lo mismo que aparece en los carteles del parque:\u00a0<strong>\u00abel calor mata\u00bb.<\/strong>\u00a0Es una advertencia a navegantes nada gratuita y que viene a confirmar que viviremos en un futuro cercano m\u00e1s eventos de este tipo.<\/p>\n\n\n\n<p class=\"wp-block-paragraph\">Fuente: ABC<\/p>\n","protected":false},"excerpt":{"rendered":"<p>El\u00a0calor\u00a0que experimentamos estos d\u00edas nos hacen creer que las puertas del Averno se han abierto de par en par para compartir temperaturas que\u00a0nos hacen sentir que estamos hirviendo a fuego lento cada vez que ponemos un pie en la calle. Y el pron\u00f3stico para las pr\u00f3ximas semanas no invita al optimismo ni a una tregua [&hellip;]<\/p>\n","protected":false},"author":2,"featured_media":120067,"comment_status":"open","ping_status":"open","sticky":false,"template":"","format":"standard","meta":{"footnotes":""},"categories":[8],"tags":[],"class_list":["post-120066","post","type-post","status-publish","format-standard","has-post-thumbnail","hentry","category-internacionales"],"_links":{"self":[{"href":"http:\/\/elcuartopoder.com.mx\/nw\/wp-json\/wp\/v2\/posts\/120066","targetHints":{"allow":["GET"]}}],"collection":[{"href":"http:\/\/elcuartopoder.com.mx\/nw\/wp-json\/wp\/v2\/posts"}],"about":[{"href":"http:\/\/elcuartopoder.com.mx\/nw\/wp-json\/wp\/v2\/types\/post"}],"author":[{"embeddable":true,"href":"http:\/\/elcuartopoder.com.mx\/nw\/wp-json\/wp\/v2\/users\/2"}],"replies":[{"embeddable":true,"href":"http:\/\/elcuartopoder.com.mx\/nw\/wp-json\/wp\/v2\/comments?post=120066"}],"version-history":[{"count":1,"href":"http:\/\/elcuartopoder.com.mx\/nw\/wp-json\/wp\/v2\/posts\/120066\/revisions"}],"predecessor-version":[{"id":120068,"href":"http:\/\/elcuartopoder.com.mx\/nw\/wp-json\/wp\/v2\/posts\/120066\/revisions\/120068"}],"wp:featuredmedia":[{"embeddable":true,"href":"http:\/\/elcuartopoder.com.mx\/nw\/wp-json\/wp\/v2\/media\/120067"}],"wp:attachment":[{"href":"http:\/\/elcuartopoder.com.mx\/nw\/wp-json\/wp\/v2\/media?parent=120066"}],"wp:term":[{"taxonomy":"category","embeddable":true,"href":"http:\/\/elcuartopoder.com.mx\/nw\/wp-json\/wp\/v2\/categories?post=120066"},{"taxonomy":"post_tag","embeddable":true,"href":"http:\/\/elcuartopoder.com.mx\/nw\/wp-json\/wp\/v2\/tags?post=120066"}],"curies":[{"name":"wp","href":"https:\/\/api.w.org\/{rel}","templated":true}]}}