{"id":120075,"date":"2023-07-16T10:26:26","date_gmt":"2023-07-16T15:26:26","guid":{"rendered":"http:\/\/elcuartopoder.com.mx\/nw\/?p=120075"},"modified":"2023-07-16T10:26:30","modified_gmt":"2023-07-16T15:26:30","slug":"como-sabotear-y-robarse-las-elecciones","status":"publish","type":"post","link":"http:\/\/elcuartopoder.com.mx\/nw\/politica\/como-sabotear-y-robarse-las-elecciones\/","title":{"rendered":"C\u00f3mo sabotear y robarse las elecciones"},"content":{"rendered":"\n<p class=\"wp-block-paragraph\">Seguramente algunos lectores reclamar\u00e1n el hecho de que se plasme en un texto los pasos necesarios para sabotear las elecciones teniendo como resultado un presidente o presidenta con una crisis de credibilidad y seguramente heredando ingobernabilidad en regiones del pa\u00eds.<\/p>\n\n\n\n<p class=\"wp-block-paragraph\">Y no importa de qu\u00e9 partido provenga el siguiente gobernante. A once meses de las elecciones del a\u00f1o entrante, el pa\u00eds ya est\u00e1 sufriendo una crisis de seguridad hist\u00f3rica. Hay pocos factores que pudieran indicar la posibilidad de que cambiar\u00e1 esta tendencia.<\/p>\n\n\n\n<p class=\"wp-block-paragraph\">A diferencia del proceso electoral del 2012, donde fue electo Enrique Pe\u00f1a Nieto, la estrategia de seguridad del presidente Felipe Calder\u00f3n, hubo una reducci\u00f3n importante de los asesinatos en el pa\u00eds, y debilitamiento de algunas de las organizaciones m\u00e1s violentas en el pa\u00eds, especialmente importante el caso de&nbsp;<em>Los Zetas.<\/em><\/p>\n\n\n\n<p class=\"wp-block-paragraph\">La gran diferencia doce a\u00f1os despu\u00e9s es que, adem\u00e1s de tener cifras hist\u00f3ricas de homicidios, feminicidios, extorsiones y cobro de piso, este gobierno parece que ya se dio por vencido, y no tiene ninguna estrategia para detener y mucho menos reducir la violencia y el control territorial antes de los comicios del a\u00f1o entrante.<\/p>\n\n\n\n<p class=\"wp-block-paragraph\">Es demasiado tarde, y seguramente el presidente piensa que cualquier esfuerzo a estas alturas de su administraci\u00f3n fracasar\u00e1 con posibles costos pol\u00edticos para L\u00f3pez Obrador y su legado hist\u00f3rico.<\/p>\n\n\n\n<p class=\"wp-block-paragraph\">Los reportes anecd\u00f3ticos y period\u00edsticos de la participaci\u00f3n de las organizaciones criminales en las elecciones de los \u00faltimos dos a\u00f1os, ya sea proporcionando dinero para comprar votos o amenazando y asesinando candidatos, ser\u00eda catastr\u00f3fico para cualquier gobierno responsable.<\/p>\n\n\n\n<p class=\"wp-block-paragraph\">En lugar de implementar una estrategia para evitar que estas organizaciones tambi\u00e9n definan los resultados de las elecciones del 2024, el presidente L\u00f3pez Obrador reconoci\u00f3 que el problema de seguridad ser\u00eda uno de los temas \u201cpendientes\u201d de la cuarta transformaci\u00f3n (obviamente culpando a Felipe Calder\u00f3n).<\/p>\n\n\n\n<p class=\"wp-block-paragraph\">Y al no tomar pasos contundentes para perseguir y castigar a los delincuentes que abiertamente participaron en los procesos electorales, la impunidad envi\u00f3 un mensaje a las organizaciones criminales que la puerta est\u00e1 abierta para su participaci\u00f3n en el 2024.<\/p>\n\n\n\n<p class=\"wp-block-paragraph\">La absoluta indolencia e irresponsabilidad del presidente de permitir la interferencia de organizaciones criminales podr\u00eda interpretarse como una parte de la estrategia nacional para asegurar el \u00e9xito electoral de Morena y la continuidad de la cuarta transformaci\u00f3n.<\/p>\n\n\n\n<p class=\"wp-block-paragraph\">Pero tambi\u00e9n esto resultar\u00e1 en un mayor control territorial, alcaldes, algunos gobernadores y posiblemente diputados y senadores aliados.<\/p>\n\n\n\n<p class=\"wp-block-paragraph\">Y ante este escenario catastr\u00f3fico, el futuro presidente o presidenta tendr\u00e1 que tomar la dif\u00edcil decisi\u00f3n de cogobernar con algunas de estas organizaciones o tomar la dif\u00edcil decisi\u00f3n de debilitar o desmantelar estas organizaciones. Y obviamente esta decisi\u00f3n tendr\u00e1 un impacto en el resto del sexenio.<\/p>\n\n\n\n<p class=\"wp-block-paragraph\">De hecho, es comprensible que el siguiente gobernante decida hacerse \u201cganso\u201d, perd\u00f3n, \u201cpato\u201d ante esta disyuntiva. Otro de los factores importantes que definir\u00e1n el rumbo de las elecciones y por ende la democracia mexicana, son las amenazas y asesinatos de candidatos y posibles candidatos.<\/p>\n\n\n\n<p class=\"wp-block-paragraph\">Los aparatos de inteligencia y hasta los mismos partidos desde hace un a\u00f1o tendr\u00edan que haber identificado las \u00e1reas \u201crojas\u201d o \u201ccomprometidas\u201d del pa\u00eds para implementar una estrategia para identificar candidatos que no est\u00e9n vinculados a las organizaciones criminales, pero tambi\u00e9n empezar a proporcionar seguridad o algunos mecanismos para proteger la integridad f\u00edsica de los eventuales candidatos.<\/p>\n\n\n\n<p class=\"wp-block-paragraph\">Uno de los factores que podr\u00eda incrementar la violencia pol\u00edtica son las ma\u00f1aneras. Las agresiones diarias del Presidente en contra de X\u00f3chitl G\u00e1lvez ser\u00edan inaceptables si no fuera AMLO. En un pa\u00eds \u201cnormal\u201d el que el presidente amenazara a una candidata de la oposici\u00f3n tan agresivamente, deber\u00eda traducirse en grupos feministas, indigenistas, progresistas, pacifistas, protestaran agresivamente en contra de L\u00f3pez Obrador. Pero M\u00e9xico ya se acostumbr\u00f3 a la violencia verbal del Presidente.<\/p>\n\n\n\n<p class=\"wp-block-paragraph\">El problema de nuevo es que estos ataques a una posible candidata de la oposici\u00f3n, y la impunidad que envuelve al presidente env\u00edan un mensaje a los grupos que s\u00ed estuviesen dispuestos a usar violencia para proteger sus intereses pol\u00edticos y econ\u00f3micos.<\/p>\n\n\n\n<p class=\"wp-block-paragraph\">Finalmente, el turr\u00f3n del pastel de este desastre electoral es la ambivalencia de las autoridades electorales. El INE, al no querer o no poder controlar las campa\u00f1as anticipadas de Morena y los partidos, adem\u00e1s del proselitismo diario desde la ma\u00f1anera, tambi\u00e9n est\u00e1 enviando una se\u00f1al de su debilidad e incapacidad de poder detener a los violadores del proceso.<\/p>\n\n\n\n<p class=\"wp-block-paragraph\">Todav\u00eda no inician formalmente los procesos electorales, y ya la impunidad es la normalidad del actuar del gobierno y los actores pol\u00edticos. Una vez iniciado el proceso, no habr\u00e1 autoridad, ni legislaci\u00f3n, ni candidatos que se respeten. Y esta ser\u00eda la forma de sabotear y robarse las elecciones.<\/p>\n\n\n\n<p class=\"wp-block-paragraph\">Fuente: elfinanciero<\/p>\n","protected":false},"excerpt":{"rendered":"<p>Seguramente algunos lectores reclamar\u00e1n el hecho de que se plasme en un texto los pasos necesarios para sabotear las elecciones teniendo como resultado un presidente o presidenta con una crisis de credibilidad y seguramente heredando ingobernabilidad en regiones del pa\u00eds. Y no importa de qu\u00e9 partido provenga el siguiente gobernante. A once meses de las [&hellip;]<\/p>\n","protected":false},"author":2,"featured_media":120076,"comment_status":"open","ping_status":"open","sticky":false,"template":"","format":"standard","meta":{"footnotes":""},"categories":[61],"tags":[],"class_list":["post-120075","post","type-post","status-publish","format-standard","has-post-thumbnail","hentry","category-politica"],"_links":{"self":[{"href":"http:\/\/elcuartopoder.com.mx\/nw\/wp-json\/wp\/v2\/posts\/120075","targetHints":{"allow":["GET"]}}],"collection":[{"href":"http:\/\/elcuartopoder.com.mx\/nw\/wp-json\/wp\/v2\/posts"}],"about":[{"href":"http:\/\/elcuartopoder.com.mx\/nw\/wp-json\/wp\/v2\/types\/post"}],"author":[{"embeddable":true,"href":"http:\/\/elcuartopoder.com.mx\/nw\/wp-json\/wp\/v2\/users\/2"}],"replies":[{"embeddable":true,"href":"http:\/\/elcuartopoder.com.mx\/nw\/wp-json\/wp\/v2\/comments?post=120075"}],"version-history":[{"count":1,"href":"http:\/\/elcuartopoder.com.mx\/nw\/wp-json\/wp\/v2\/posts\/120075\/revisions"}],"predecessor-version":[{"id":120077,"href":"http:\/\/elcuartopoder.com.mx\/nw\/wp-json\/wp\/v2\/posts\/120075\/revisions\/120077"}],"wp:featuredmedia":[{"embeddable":true,"href":"http:\/\/elcuartopoder.com.mx\/nw\/wp-json\/wp\/v2\/media\/120076"}],"wp:attachment":[{"href":"http:\/\/elcuartopoder.com.mx\/nw\/wp-json\/wp\/v2\/media?parent=120075"}],"wp:term":[{"taxonomy":"category","embeddable":true,"href":"http:\/\/elcuartopoder.com.mx\/nw\/wp-json\/wp\/v2\/categories?post=120075"},{"taxonomy":"post_tag","embeddable":true,"href":"http:\/\/elcuartopoder.com.mx\/nw\/wp-json\/wp\/v2\/tags?post=120075"}],"curies":[{"name":"wp","href":"https:\/\/api.w.org\/{rel}","templated":true}]}}