{"id":120078,"date":"2023-07-16T10:31:11","date_gmt":"2023-07-16T15:31:11","guid":{"rendered":"http:\/\/elcuartopoder.com.mx\/nw\/?p=120078"},"modified":"2023-07-16T10:31:14","modified_gmt":"2023-07-16T15:31:14","slug":"marcelo-y-xochitl-estaran-en-la-boleta-presidencial","status":"publish","type":"post","link":"http:\/\/elcuartopoder.com.mx\/nw\/nacionales\/marcelo-y-xochitl-estaran-en-la-boleta-presidencial\/","title":{"rendered":"Marcelo y X\u00f3chitl estar\u00e1n en la boleta presidencial"},"content":{"rendered":"\n<p class=\"wp-block-paragraph\">El excanciller y la senadora con licencia ver\u00e1n sus nombres en la boleta presidencial del 2024, ya sea bajo las siglas de Morena y r\u00e9moras o de MC en el caso de Marcelo; y X\u00f3chitl lo har\u00e1 con el Frente Amplio por M\u00e9xico o por Movimiento Ciudadano.<\/p>\n\n\n\n<p class=\"wp-block-paragraph\">El partido pol\u00edtico del veracruzano Dante Delgado, es una manzana muy apetitosa que en estos momentos muchos se dan el lujo de desde\u00f1ar, pero conforme se desencadenen futuros acontecimientos, subir\u00e1n sus bonos como la espuma.<\/p>\n\n\n\n<p class=\"wp-block-paragraph\">Para muchos se est\u00e1 gestando el mayor tongo con las encuestas ama\u00f1adas que prepara Morena para avalar el destape que har\u00e1 el presidente en favor de Claudia Sheinbaum y con ello pondr\u00e1n a Marcelo Ebrard ante la disyuntiva de retirarse de la pol\u00edtica o continuar al frente para cristalizar su mayor sue\u00f1o: ser presidente de M\u00e9xico.<\/p>\n\n\n\n<p class=\"wp-block-paragraph\">En tanto, el partido de Dante Delgado se mantiene en su postura de que ser\u00e1 hasta el 5 de diciembre cuando d\u00e9 a conocer el nombre de su candidato presidencial, mientras que Morena anuncia que ser\u00e1 el 5 de septiembre cuando sea destapada su corcholata y los del Frente, lo har\u00e1n unos d\u00edas antes.<\/p>\n\n\n\n<p class=\"wp-block-paragraph\">Como se aprecia, cuando parece que todo est\u00e1 definido, Claudia por Morena y r\u00e9moras, X\u00f3chitl por el Frente y Samuel Garc\u00eda, gobernador de Nuevo Le\u00f3n, por MC, la realidad es que no hay nada para nadie.<\/p>\n\n\n\n<p class=\"wp-block-paragraph\">Movimiento Ciudadano tambi\u00e9n se mueve en las aguas de aglutinarse con el bloque opositor bajo ciertas condiciones, pero vamos por partes.<\/p>\n\n\n\n<p class=\"wp-block-paragraph\">Los tiempos de la sucesi\u00f3n presidencial los adelant\u00f3 AMLO desde hace un a\u00f1o, al lanzar a sus corcholatas al matadero para que se destacen entre s\u00ed, para que, al final, termine destapando a Claudia Sheinbaum, bueno ese era el plan original hasta antes de que X\u00f3chitl G\u00e1lvez irrumpiera en el firmamento pol\u00edtico.<\/p>\n\n\n\n<p class=\"wp-block-paragraph\">Esa sucesi\u00f3n adelantada provoc\u00f3 que el bloque opositor apretara tambi\u00e9n el paso para no quedarse atr\u00e1s y por ello formaliz\u00f3 su coalici\u00f3n ante el INE, bajo la denominaci\u00f3n Frente Amplio por M\u00e9xico, conformado por el PAN, PRI y PRD, al tiempo de arrancar su proceso de registro de aspirantes para buscar la candidatura que compita contra el candidato del oficialismo.<\/p>\n\n\n\n<p class=\"wp-block-paragraph\">Del choque de trenes que se avecina entre Morena, PVEM y PT contra el bloque opositor, aparentemente se ha quedado aislado Movimiento Ciudadano, que se mantiene en su macho de que \u201ccon el PRI ni a la esquina\u201d y por ello prefieren ir solos a los comicios del pr\u00f3ximo a\u00f1o, ello a pesar de que varios emecistas de renombre como el gobernador de Jalisco, Enrique Alfaro, insisten en agruparse con la oposici\u00f3n, sobre todo si eligen a X\u00f3chitl como su candidata presidencial.<\/p>\n\n\n\n<p class=\"wp-block-paragraph\">Ese aparente diferendo entre Dante Delgado y Enrique Alfaro hay que encuadrarlo en los jaloneos que se dan al interior de MC en la definici\u00f3n de su candidato para la elecci\u00f3n de Jalisco que se llevar\u00e1 a cabo el pr\u00f3ximo a\u00f1o, y en donde el l\u00edder nacional de este partido apoya al presidente municipal de Guadalajara, Pablo Lemus; mientras que el gobernador avala al senador Clemente Casta\u00f1eda para esa candidatura, adem\u00e1s de abrir la puerta para que otros partidos pol\u00edticos se sumen a esta causa. Es decir, es un llamado al PAN, PRD y Hagamos, partido pol\u00edtico local, para conformar una coalici\u00f3n.<\/p>\n\n\n\n<p class=\"wp-block-paragraph\">Al final, sin duda van a negociar para que todos queden contentos y no haya escisiones rumbo a la sucesi\u00f3n presidencial, a la que ya se autodescart\u00f3 como candidato, Alfaro.<\/p>\n\n\n\n<p class=\"wp-block-paragraph\">En tanto, a nivel nacional y por lo que corresponde a integrarse con el bloque opositor para enfrentar a Morena y sus r\u00e9moras, los dos est\u00e1n de acuerdo, Dante y Alfaro, para que, sin el PRI, apoyar a X\u00f3chitl G\u00e1lvez y esta es precisamente la disyuntiva que deben atender Marko Cort\u00e9s y Jes\u00fas Zambrano para valorar la conveniencia de seguir aliados con Alejandro Moreno, al\u00edas \u2018Alito\u2019 o de plano, romper su concubinato para abrir la puerta a Movimiento Ciudadano.<\/p>\n\n\n\n<p class=\"wp-block-paragraph\">En estos momentos, luego de que el PRI perdiera el Estado de M\u00e9xico, considerado como su principal basti\u00f3n y con los otros 22 descalabros electorales que tiene \u2018Alito\u2019 desde que est\u00e1 al frente de los tricolores, entonces, \u00bfcu\u00e1l partido pol\u00edtico aporta m\u00e1s al Frente Amplio por M\u00e9xico, el Revolucionario Institucional o Movimiento Ciudadano?<\/p>\n\n\n\n<p class=\"wp-block-paragraph\">Dir\u00e1n algunos que el tricolor de \u2018Alito\u2019 tiene mayor presencia nacional que los emecistas, pero si consideramos que el PRI de Coahuila o incluso el del Estado de M\u00e9xico no jalan con este nefasto personaje, entonces, al final del d\u00eda c\u00f3mo queda la ecuaci\u00f3n, sobre todo, porque no hay que olvidar que Movimiento Ciudadano gobierna con \u00e9xito Jalisco y Nuevo Le\u00f3n, adem\u00e1s de varias ciudades importantes como Monterrey, con su alcalde, la joya de la corona de este partido, Luis Donaldo Colosio Riojas.<\/p>\n\n\n\n<p class=\"wp-block-paragraph\">M\u00e1s all\u00e1 de las filias y fobias, en una ponderaci\u00f3n objetiva, es m\u00e1s atractiva electoralmente hablando, la alianza conformada por el PAN, MC y PRD, que con el PRI.<\/p>\n\n\n\n<p class=\"wp-block-paragraph\">Como se aprecia, MC ser\u00e1 el fiel de la balanza en cualquiera de los escenarios posibles.<\/p>\n\n\n\n<p class=\"wp-block-paragraph\">Fuente: elfinanciero<\/p>\n","protected":false},"excerpt":{"rendered":"<p>El excanciller y la senadora con licencia ver\u00e1n sus nombres en la boleta presidencial del 2024, ya sea bajo las siglas de Morena y r\u00e9moras o de MC en el caso de Marcelo; y X\u00f3chitl lo har\u00e1 con el Frente Amplio por M\u00e9xico o por Movimiento Ciudadano. El partido pol\u00edtico del veracruzano Dante Delgado, es [&hellip;]<\/p>\n","protected":false},"author":2,"featured_media":120079,"comment_status":"open","ping_status":"open","sticky":false,"template":"","format":"standard","meta":{"footnotes":""},"categories":[55],"tags":[],"class_list":["post-120078","post","type-post","status-publish","format-standard","has-post-thumbnail","hentry","category-nacionales"],"_links":{"self":[{"href":"http:\/\/elcuartopoder.com.mx\/nw\/wp-json\/wp\/v2\/posts\/120078","targetHints":{"allow":["GET"]}}],"collection":[{"href":"http:\/\/elcuartopoder.com.mx\/nw\/wp-json\/wp\/v2\/posts"}],"about":[{"href":"http:\/\/elcuartopoder.com.mx\/nw\/wp-json\/wp\/v2\/types\/post"}],"author":[{"embeddable":true,"href":"http:\/\/elcuartopoder.com.mx\/nw\/wp-json\/wp\/v2\/users\/2"}],"replies":[{"embeddable":true,"href":"http:\/\/elcuartopoder.com.mx\/nw\/wp-json\/wp\/v2\/comments?post=120078"}],"version-history":[{"count":1,"href":"http:\/\/elcuartopoder.com.mx\/nw\/wp-json\/wp\/v2\/posts\/120078\/revisions"}],"predecessor-version":[{"id":120080,"href":"http:\/\/elcuartopoder.com.mx\/nw\/wp-json\/wp\/v2\/posts\/120078\/revisions\/120080"}],"wp:featuredmedia":[{"embeddable":true,"href":"http:\/\/elcuartopoder.com.mx\/nw\/wp-json\/wp\/v2\/media\/120079"}],"wp:attachment":[{"href":"http:\/\/elcuartopoder.com.mx\/nw\/wp-json\/wp\/v2\/media?parent=120078"}],"wp:term":[{"taxonomy":"category","embeddable":true,"href":"http:\/\/elcuartopoder.com.mx\/nw\/wp-json\/wp\/v2\/categories?post=120078"},{"taxonomy":"post_tag","embeddable":true,"href":"http:\/\/elcuartopoder.com.mx\/nw\/wp-json\/wp\/v2\/tags?post=120078"}],"curies":[{"name":"wp","href":"https:\/\/api.w.org\/{rel}","templated":true}]}}