{"id":120090,"date":"2023-07-17T11:33:57","date_gmt":"2023-07-17T16:33:57","guid":{"rendered":"http:\/\/elcuartopoder.com.mx\/nw\/?p=120090"},"modified":"2023-07-17T11:34:00","modified_gmt":"2023-07-17T16:34:00","slug":"rescatan-a-migrantes-en-zona-desertica-en-libia","status":"publish","type":"post","link":"http:\/\/elcuartopoder.com.mx\/nw\/policiacas\/rescatan-a-migrantes-en-zona-desertica-en-libia\/","title":{"rendered":"Rescatan a migrantes en zona des\u00e9rtica en Libia"},"content":{"rendered":"\n<p class=\"wp-block-paragraph\"><em>Al &#8216;Assah, Libia.<\/em>&nbsp;Los guardias fronterizos libios rescataron a decenas de migrantes subsaharianos que, seg\u00fan ellos, fueron depositados por las autoridades tunecinas sin agua, ni alimentos, ni refugio, en una zona des\u00e9rtica en la frontera entre ambos pa\u00edses, constat\u00f3 el domingo un equipo de la AFP.<\/p>\n\n\n\n<p class=\"wp-block-paragraph\">Los periodistas pudieron fotografiar y filmar varios grupos de j\u00f3venes y algunas mujeres, visiblemente agotados y sedientos, sentados o tumbados sobre la arena, tratando de refugiarse bajo arbustos, con una temperatura superior a los 40\u00baC.<\/p>\n\n\n\n<p class=\"wp-block-paragraph\">Los migrantes vagaban en una zona deshabitada, cerca de Al&#8217;Assah, a unos 150 km al suroeste de Tr\u00edpoli y unos 15 km dentro del territorio libio.<\/p>\n\n\n\n<p class=\"wp-block-paragraph\">Los guardias fronterizos libios les proporcionaron agua y llevaron primero a las mujeres y a muchos ni\u00f1os, incluidos beb\u00e9s, a un refugio donde los atendieron.<\/p>\n\n\n\n<p class=\"wp-block-paragraph\">Seg\u00fan el equipo de la AFP, al menos 80 fueron rescatados.<\/p>\n\n\n\n<p class=\"wp-block-paragraph\">\u00ab\u00bfVen? \u00a1Es lamentable! Son expulsados de T\u00fanez a Libia\u00bb, dijo un oficial en un video difundido en Facebook por una brigada libia que patrulla la frontera.<\/p>\n\n\n\n<p class=\"wp-block-paragraph\">\u00abDescubrimos otro grupo con ni\u00f1os y mujeres\u00bb, continu\u00f3 el oficial, mostrando la frontera tunecina a unos cientos de metros.<\/p>\n\n\n\n<p class=\"wp-block-paragraph\">\u00abViv\u00edamos en T\u00fanez, luego en Zarzis (centro-este). La polic\u00eda tunecina nos expuls\u00f3 a Libia\u00bb, explic\u00f3 en ingl\u00e9s un hombre encontrado el s\u00e1bado, seg\u00fan im\u00e1genes de los guardias fronterizos.<\/p>\n\n\n\n<p class=\"wp-block-paragraph\">\u00abSin su ayuda habr\u00edamos muerto en el desierto\u00bb, destac\u00f3, asegurando que desea volver a T\u00fanez donde se encuentran su esposa y sus hijos.<\/p>\n\n\n\n<p class=\"wp-block-paragraph\">Tras los enfrentamientos que costaron la vida a un tunecino el 3 de julio, centenares de migrantes africanos fueron expulsados de Sfax, segunda ciudad de T\u00fanez y principal punto de partida para la emigraci\u00f3n clandestina hacia Europa.<\/p>\n\n\n\n<p class=\"wp-block-paragraph\">Seg\u00fan oeneg\u00e9s, fueron conducidos por la polic\u00eda tunecina y abandonados a su suerte en zonas inh\u00f3spitas al este, cerca de Libia, y al oeste cerca de Argelia.<\/p>\n\n\n\n<p class=\"wp-block-paragraph\">Seg\u00fan ONG tunecinas, entre 100 y 150 permanec\u00edan el viernes en zonas des\u00e9rticas en la frontera entre Libia y T\u00fanez, sin ning\u00fan tipo de ayuda.<\/p>\n\n\n\n<p class=\"wp-block-paragraph\">Fuente: jornada<\/p>\n","protected":false},"excerpt":{"rendered":"<p>Al &#8216;Assah, Libia.&nbsp;Los guardias fronterizos libios rescataron a decenas de migrantes subsaharianos que, seg\u00fan ellos, fueron depositados por las autoridades tunecinas sin agua, ni alimentos, ni refugio, en una zona des\u00e9rtica en la frontera entre ambos pa\u00edses, constat\u00f3 el domingo un equipo de la AFP. Los periodistas pudieron fotografiar y filmar varios grupos de j\u00f3venes [&hellip;]<\/p>\n","protected":false},"author":2,"featured_media":120091,"comment_status":"open","ping_status":"open","sticky":false,"template":"","format":"standard","meta":{"footnotes":""},"categories":[23],"tags":[],"class_list":["post-120090","post","type-post","status-publish","format-standard","has-post-thumbnail","hentry","category-policiacas"],"_links":{"self":[{"href":"http:\/\/elcuartopoder.com.mx\/nw\/wp-json\/wp\/v2\/posts\/120090","targetHints":{"allow":["GET"]}}],"collection":[{"href":"http:\/\/elcuartopoder.com.mx\/nw\/wp-json\/wp\/v2\/posts"}],"about":[{"href":"http:\/\/elcuartopoder.com.mx\/nw\/wp-json\/wp\/v2\/types\/post"}],"author":[{"embeddable":true,"href":"http:\/\/elcuartopoder.com.mx\/nw\/wp-json\/wp\/v2\/users\/2"}],"replies":[{"embeddable":true,"href":"http:\/\/elcuartopoder.com.mx\/nw\/wp-json\/wp\/v2\/comments?post=120090"}],"version-history":[{"count":1,"href":"http:\/\/elcuartopoder.com.mx\/nw\/wp-json\/wp\/v2\/posts\/120090\/revisions"}],"predecessor-version":[{"id":120092,"href":"http:\/\/elcuartopoder.com.mx\/nw\/wp-json\/wp\/v2\/posts\/120090\/revisions\/120092"}],"wp:featuredmedia":[{"embeddable":true,"href":"http:\/\/elcuartopoder.com.mx\/nw\/wp-json\/wp\/v2\/media\/120091"}],"wp:attachment":[{"href":"http:\/\/elcuartopoder.com.mx\/nw\/wp-json\/wp\/v2\/media?parent=120090"}],"wp:term":[{"taxonomy":"category","embeddable":true,"href":"http:\/\/elcuartopoder.com.mx\/nw\/wp-json\/wp\/v2\/categories?post=120090"},{"taxonomy":"post_tag","embeddable":true,"href":"http:\/\/elcuartopoder.com.mx\/nw\/wp-json\/wp\/v2\/tags?post=120090"}],"curies":[{"name":"wp","href":"https:\/\/api.w.org\/{rel}","templated":true}]}}