{"id":120096,"date":"2023-07-17T11:40:12","date_gmt":"2023-07-17T16:40:12","guid":{"rendered":"http:\/\/elcuartopoder.com.mx\/nw\/?p=120096"},"modified":"2023-07-17T11:40:15","modified_gmt":"2023-07-17T16:40:15","slug":"que-es-la-prima-dominical-y-cuanto-deben-pagarte-por-trabajar-en-domingo-esto-dice-la-ley","status":"publish","type":"post","link":"http:\/\/elcuartopoder.com.mx\/nw\/economia\/que-es-la-prima-dominical-y-cuanto-deben-pagarte-por-trabajar-en-domingo-esto-dice-la-ley\/","title":{"rendered":"\u00bfQu\u00e9 es la prima dominical y cu\u00e1nto deben pagarte por trabajar en domingo? Esto dice la ley"},"content":{"rendered":"\n<p class=\"wp-block-paragraph\">Si eres parte del \u2018godinato\u2019 o prestas tus servicios a alguna empresa o patr\u00f3n, debes cumplir con\u00a0obligaciones como una jornada laboral,\u00a0aunque tambi\u00e9n tienes derechos como el goce de un d\u00eda de descanso, donde la ley procura que sea domingo.<\/p>\n\n\n\n<p class=\"wp-block-paragraph\">Sin embargo, las personas que trabajan los domingos por los requerimientos del patr\u00f3n, deber\u00e1n gozar de una prima adicional, tambi\u00e9n llamada<strong>\u00a0prima dominical<\/strong>, se\u00f1ala\u00a0Ley Federal del Trabajo (LFT)\u00a0en el art\u00edculo 71.<\/p>\n\n\n\n<h2 class=\"wp-block-heading\">Prima dominical: \u00bfC\u00f3mo se calcula y qu\u00e9 hacer si no te la pagan?<\/h2>\n\n\n\n<p class=\"wp-block-paragraph\">De acuerdo con la LFT, la prima dominical debe ser del<strong>&nbsp;25 por ciento extra sobre el salario<\/strong>&nbsp;que el trabajador recibe en un d\u00eda ordinario de su jornada. Es decir, si una persona gana 500 pesos al d\u00eda, entonces la prima por&nbsp;<strong>prestar su servicio el domingo es de 125 pesos extra a su sueldo ordinario.<\/strong><\/p>\n\n\n\n<p class=\"wp-block-paragraph\">Si trabajas en domingo y tu recibo de n\u00f3mina no cuenta con la<strong>\u00a0prima dominical,<\/strong>\u00a0o bien, al momento de recibir tu pago, el patr\u00f3n no agreg\u00f3 el monto extra que te corresponde por ley, deber\u00e1s levantar un reporte ante la\u00a0Procuradur\u00eda Federal de la Defensa del Trabajo (PROFEDET),\u00a0donde un abogado te dar\u00e1 asesor\u00eda jur\u00eddica.<\/p>\n\n\n\n<p class=\"wp-block-paragraph\"><\/p>\n","protected":false},"excerpt":{"rendered":"<p>Si eres parte del \u2018godinato\u2019 o prestas tus servicios a alguna empresa o patr\u00f3n, debes cumplir con\u00a0obligaciones como una jornada laboral,\u00a0aunque tambi\u00e9n tienes derechos como el goce de un d\u00eda de descanso, donde la ley procura que sea domingo. Sin embargo, las personas que trabajan los domingos por los requerimientos del patr\u00f3n, deber\u00e1n gozar de [&hellip;]<\/p>\n","protected":false},"author":2,"featured_media":120097,"comment_status":"open","ping_status":"open","sticky":false,"template":"","format":"standard","meta":{"footnotes":""},"categories":[1],"tags":[],"class_list":["post-120096","post","type-post","status-publish","format-standard","has-post-thumbnail","hentry","category-economia"],"_links":{"self":[{"href":"http:\/\/elcuartopoder.com.mx\/nw\/wp-json\/wp\/v2\/posts\/120096","targetHints":{"allow":["GET"]}}],"collection":[{"href":"http:\/\/elcuartopoder.com.mx\/nw\/wp-json\/wp\/v2\/posts"}],"about":[{"href":"http:\/\/elcuartopoder.com.mx\/nw\/wp-json\/wp\/v2\/types\/post"}],"author":[{"embeddable":true,"href":"http:\/\/elcuartopoder.com.mx\/nw\/wp-json\/wp\/v2\/users\/2"}],"replies":[{"embeddable":true,"href":"http:\/\/elcuartopoder.com.mx\/nw\/wp-json\/wp\/v2\/comments?post=120096"}],"version-history":[{"count":1,"href":"http:\/\/elcuartopoder.com.mx\/nw\/wp-json\/wp\/v2\/posts\/120096\/revisions"}],"predecessor-version":[{"id":120098,"href":"http:\/\/elcuartopoder.com.mx\/nw\/wp-json\/wp\/v2\/posts\/120096\/revisions\/120098"}],"wp:featuredmedia":[{"embeddable":true,"href":"http:\/\/elcuartopoder.com.mx\/nw\/wp-json\/wp\/v2\/media\/120097"}],"wp:attachment":[{"href":"http:\/\/elcuartopoder.com.mx\/nw\/wp-json\/wp\/v2\/media?parent=120096"}],"wp:term":[{"taxonomy":"category","embeddable":true,"href":"http:\/\/elcuartopoder.com.mx\/nw\/wp-json\/wp\/v2\/categories?post=120096"},{"taxonomy":"post_tag","embeddable":true,"href":"http:\/\/elcuartopoder.com.mx\/nw\/wp-json\/wp\/v2\/tags?post=120096"}],"curies":[{"name":"wp","href":"https:\/\/api.w.org\/{rel}","templated":true}]}}