{"id":120099,"date":"2023-07-17T11:42:27","date_gmt":"2023-07-17T16:42:27","guid":{"rendered":"http:\/\/elcuartopoder.com.mx\/nw\/?p=120099"},"modified":"2023-07-17T11:42:31","modified_gmt":"2023-07-17T16:42:31","slug":"crisis-climatica-alerta-global","status":"publish","type":"post","link":"http:\/\/elcuartopoder.com.mx\/nw\/editorial\/crisis-climatica-alerta-global\/","title":{"rendered":"Crisis clim\u00e1tica: alerta global"},"content":{"rendered":"\n<p class=\"wp-block-paragraph\">Seg\u00fan la Agencia Meteorol\u00f3gica de Jap\u00f3n, la temperatura media global del pasado 7 de julio fue de 17.25 grados Celsius, la m\u00e1s alta desde que se tiene registro. Ese promedio maquilla los extremos de calor que se est\u00e1n alcanzando en varias regiones del mundo. De acuerdo con los pron\u00f3sticos, esta semana se batir\u00e1 el r\u00e9cord de la mayor temperatura medida en Europa: los 48.8 grados marcados en la isla italiana de Cerde\u00f1a en agosto de 2021, mientras en el californiano Valle de la Muerte se esperan hasta 54 grados.<\/p>\n\n\n\n<p class=\"wp-block-paragraph\">No son meras cifras. Este calor fuera de los rangos hist\u00f3ricos se cobra vidas, causa problemas de salud a millones de personas, afecta la producci\u00f3n de alimentos y exacerba los incendios forestales que a\u00f1o con a\u00f1o son motivo de una preocupaci\u00f3n creciente por las extensiones devastadas, su impacto en las actividades humanas y la frecuencia con que tienen lugar. Es un c\u00edrculo vicioso mort\u00edfero: a menos superficie forestal, mayores temperaturas, sequ\u00edas m\u00e1s prolongadas y riesgos incrementados de que se eleven el n\u00famero y la intensidad de las conflagraciones. El mes pasado, la sociedad global observ\u00f3 con estupefacci\u00f3n las im\u00e1genes de la metr\u00f3poli por antonomasia, Nueva York, completamente cubierta por una neblina naranja, espesa y t\u00f3xica. Era el humo de los incendios que azotaban la provincia canadiense de Quebec, a m\u00e1s de 800 kil\u00f3metros de distancia. En el pa\u00eds septentrional son habituales los fuegos durante la temporada seca en su vasta zona boscosa, pero esta vez no s\u00f3lo se quem\u00f3 una superficie sin precedente, sino que los incendios comenzaron antes de lo previsto.<\/p>\n\n\n\n<p class=\"wp-block-paragraph\">Pese a todas las evidencias de que nos encontramos ante una amenaza para la subsistencia de la civilizaci\u00f3n e incluso para la humanidad como especie, quienes m\u00e1s podr\u00edan y deber\u00edan hacer al respecto se mantienen imperturbables en su insensatez, insensibilidad y arrogancia. El ejemplo brindado por el ultraderechista gobernador de Texas, Greg Abbott, resume a la perfecci\u00f3n la actitud de las \u00e9lites: en medio de la que podr\u00eda ser la mayor onda de calor en siglos, el pol\u00edtico republicano aprob\u00f3 una ley que proh\u00edbe a los trabajadores de la construcci\u00f3n tomarse un descanso para beber agua en medio de labores que los exponen a la inclemencia del sol y al peligro de padecer choques t\u00e9rmicos. El mensaje es claro: las derechas defender\u00e1n los intereses corporativos, aunque el barco entero de la econom\u00eda mundial est\u00e1 en riesgo de hundirse por la cat\u00e1strofe clim\u00e1tica.<\/p>\n\n\n\n<p class=\"wp-block-paragraph\">Ayer se daba cuenta en este espacio de c\u00f3mo el lucro de los acreedores privados impone a las naciones en desarrollo la carga del servicio de la deuda, y de qu\u00e9 manera los gobiernos se ven obligados a optar entre continuar abonando a deudas impagables o auxiliar a sus habitantes en rubros como alimentaci\u00f3n, educaci\u00f3n o salud. Estas asimetr\u00edas se hacen presentes en la emergencia clim\u00e1tica: en 2015, el 10 por ciento m\u00e1s rico del mundo fue responsable de la mitad de las emisiones de gases de efecto invernadero; s\u00f3lo el uno por ciento m\u00e1s rico produjo 15 por ciento de las emisiones. En contraparte, la mitad m\u00e1s pobre de los habitantes de la Tierra gener\u00f3 apenas 7 por ciento de esas emisiones, pero es la m\u00e1s golpeada por sus efectos, desde la carest\u00eda de alimentos hasta la destrucci\u00f3n de sus hogares por fen\u00f3menos meteorol\u00f3gicos de magnitud creciente. Asimismo, los pa\u00edses cuyas empresas multinacionales devastan el medio ambiente del Sur Global con su extracci\u00f3n incesante de recursos naturales cierran las puertas a los migrantes y los condenan a permanecer en regiones que se han vuelto inhabitables por la acci\u00f3n de las corporaciones.<\/p>\n\n\n\n<p class=\"wp-block-paragraph\">Ning\u00fan discurso es tan elocuente como los 43 grados que en estos d\u00edas sufrir\u00e1n varias ciudades europeas para convencer a la poblaci\u00f3n del urgente viraje en un modelo econ\u00f3mico que ha concentrado riquezas sin parang\u00f3n a expensas tanto de las mayor\u00edas como del propio planeta.<\/p>\n\n\n\n<p class=\"wp-block-paragraph\">Fuente: jornada<\/p>\n","protected":false},"excerpt":{"rendered":"<p>Seg\u00fan la Agencia Meteorol\u00f3gica de Jap\u00f3n, la temperatura media global del pasado 7 de julio fue de 17.25 grados Celsius, la m\u00e1s alta desde que se tiene registro. Ese promedio maquilla los extremos de calor que se est\u00e1n alcanzando en varias regiones del mundo. De acuerdo con los pron\u00f3sticos, esta semana se batir\u00e1 el r\u00e9cord [&hellip;]<\/p>\n","protected":false},"author":2,"featured_media":120100,"comment_status":"open","ping_status":"open","sticky":false,"template":"","format":"standard","meta":{"footnotes":""},"categories":[63],"tags":[],"class_list":["post-120099","post","type-post","status-publish","format-standard","has-post-thumbnail","hentry","category-editorial"],"_links":{"self":[{"href":"http:\/\/elcuartopoder.com.mx\/nw\/wp-json\/wp\/v2\/posts\/120099","targetHints":{"allow":["GET"]}}],"collection":[{"href":"http:\/\/elcuartopoder.com.mx\/nw\/wp-json\/wp\/v2\/posts"}],"about":[{"href":"http:\/\/elcuartopoder.com.mx\/nw\/wp-json\/wp\/v2\/types\/post"}],"author":[{"embeddable":true,"href":"http:\/\/elcuartopoder.com.mx\/nw\/wp-json\/wp\/v2\/users\/2"}],"replies":[{"embeddable":true,"href":"http:\/\/elcuartopoder.com.mx\/nw\/wp-json\/wp\/v2\/comments?post=120099"}],"version-history":[{"count":1,"href":"http:\/\/elcuartopoder.com.mx\/nw\/wp-json\/wp\/v2\/posts\/120099\/revisions"}],"predecessor-version":[{"id":120101,"href":"http:\/\/elcuartopoder.com.mx\/nw\/wp-json\/wp\/v2\/posts\/120099\/revisions\/120101"}],"wp:featuredmedia":[{"embeddable":true,"href":"http:\/\/elcuartopoder.com.mx\/nw\/wp-json\/wp\/v2\/media\/120100"}],"wp:attachment":[{"href":"http:\/\/elcuartopoder.com.mx\/nw\/wp-json\/wp\/v2\/media?parent=120099"}],"wp:term":[{"taxonomy":"category","embeddable":true,"href":"http:\/\/elcuartopoder.com.mx\/nw\/wp-json\/wp\/v2\/categories?post=120099"},{"taxonomy":"post_tag","embeddable":true,"href":"http:\/\/elcuartopoder.com.mx\/nw\/wp-json\/wp\/v2\/tags?post=120099"}],"curies":[{"name":"wp","href":"https:\/\/api.w.org\/{rel}","templated":true}]}}