{"id":120102,"date":"2023-07-17T11:44:56","date_gmt":"2023-07-17T16:44:56","guid":{"rendered":"http:\/\/elcuartopoder.com.mx\/nw\/?p=120102"},"modified":"2023-07-17T11:45:00","modified_gmt":"2023-07-17T16:45:00","slug":"el-mexicano-carlos-aranda-desaparece-en-canada-tenia-un-mes-laborando-en-una-granja","status":"publish","type":"post","link":"http:\/\/elcuartopoder.com.mx\/nw\/policiacas\/el-mexicano-carlos-aranda-desaparece-en-canada-tenia-un-mes-laborando-en-una-granja\/","title":{"rendered":"El mexicano Carlos Aranda desaparece en Canad\u00e1; ten\u00eda un mes laborando en una granja"},"content":{"rendered":"\n<p class=\"wp-block-paragraph\"><strong>Carlos Tom\u00e1s Aranda Bugnion<\/strong>&nbsp;fue reportado como desaparecido en la localidad canadiense de&nbsp;<strong>Osoyoos<\/strong>, en&nbsp;<strong>Columbia Brit\u00e1nica<\/strong>, desde el pasado 7 de julio del presente a\u00f1o. Se trata de un&nbsp;<strong>mexicano originario de Oaxaca.<\/strong><\/p>\n\n\n\n<p class=\"wp-block-paragraph\">De acuerdo con su ficha de b\u00fasqueda, que fue en Twitter compartida por el&nbsp;<strong>Senador Emilio \u00c1lvarez Icaza<\/strong>, Aranda fue visto por \u00faltima vez el pasado 7 de julio en<strong>&nbsp;Brar Fruit Stand &amp; Orcharnd.<\/strong><\/p>\n\n\n\n<p class=\"wp-block-paragraph\">De acuerdo con medios locales, es originario de Oaxaca y ten\u00eda un mes trabajando en esa<strong>\u00a0granja en Osoyoos<\/strong>. La \u00faltima vez que sus amigos tuvieron comunicaci\u00f3n con \u00e9l fue el 6 de julio.<\/p>\n\n\n\n<p class=\"wp-block-paragraph\">El joven de 30 a\u00f1os de edad mide 1.77 cm, es de tez clara, tiene barba y un lunar en el cuello como se\u00f1a particular. Vest\u00eda pants gris, con una sudadera verde con negro y tenis negros.<\/p>\n\n\n\n<p class=\"wp-block-paragraph\">De acuerdo con&nbsp;<em>The Bridge Canada<\/em>, Edna Lalonde, quien forma parte de Dignidad Migrante Society y que ayuda a trabajadores extranjeros en la Columbia Brit\u00e1nica, dijo que un amigo de Aranda contact\u00f3 a la organizaci\u00f3n para pedir ayuda para localizarlo.<\/p>\n\n\n\n<p class=\"wp-block-paragraph\"><strong>CONSULADO DE M\u00c9XICO ACTIVA PROTOCOLOS DE B\u00daSQUEDA<\/strong><\/p>\n\n\n\n<p class=\"wp-block-paragraph\">Luego de que el hecho se diera a conocer, el Consulado de M\u00e9xico en Vancouver inform\u00f3 que \u201cdesde que se tuvo conocimiento de la situaci\u00f3n, el Consulado General en Vancouver estableci\u00f3 una comunicaci\u00f3n fluida con la Real Polic\u00eda Montada de Canad\u00e1, as\u00ed como con los familiares directos y otras personas para identificar cualquier indicio que pudiera abonar a las acciones de b\u00fasqueda y rescate iniciadas por las autoridades canadienses\u201d.<\/p>\n\n\n\n<p class=\"wp-block-paragraph\">Asimismo, el Consulado indic\u00f3 que se activaron los protocolos de b\u00fasqueda \u201ca trav\u00e9s del Centro de Informaci\u00f3n y Asistencia de Mexicanos (CIAM), con el objetivo de identificar cualquier reporte de desaparici\u00f3n, tanto en Canad\u00e1 como en Estados Unidos\u201d.<\/p>\n\n\n\n<p class=\"wp-block-paragraph\"><\/p>\n\n\n\n<p class=\"wp-block-paragraph\">Adem\u00e1s, el Consulado dijo estar cooperando con la Oficina de Empleo y Desarrollo Social de Canad\u00e1, as\u00ed como con otras organizaciones, como MOSAIC, Lower Simikameen Services Society y KCR Community Resources, para brindar atenci\u00f3n integral y acompa\u00f1amiento a la familia.<\/p>\n\n\n\n<p class=\"wp-block-paragraph\">Finalmente, las autoridades mexicanas en Canad\u00e1 aseguraron estar en contacto con la familia, a la que se ha ofrecido \u201capoyo total y asistencia\u201d. Al padre, detall\u00f3, se le otorg\u00f3 un pasaporte de emergencia para que viajara a Vancouver, donde personal del Consulado lo recibi\u00f3. De ah\u00ed, el padre se traslad\u00f3 a Osoyoos, donde Aranda fue visto por \u00faltima vez.<\/p>\n\n\n\n<p class=\"wp-block-paragraph\"><strong>FAMILIA COMPARTE M\u00c1S DATOS DE CARLOS ARANDA<\/strong><\/p>\n\n\n\n<p class=\"wp-block-paragraph\">La familia de Carlos Tom\u00e1s comparti\u00f3 varias fotos y datos del joven a trav\u00e9s de grupos de Facebook donde se congregan latinos que residen en algunos lugares de Canad\u00e1.<\/p>\n\n\n\n<p class=\"wp-block-paragraph\">\u201cSe solicita de su ayuda para compartir entre los grupos del \u00e1rea de Osoyoos para poder localizar a Carlos Tomas Aranda Burgoin que no aparece desde el d\u00eda de hoy en la ma\u00f1ana, por favor compartir entre dichos grupos se los agradecer\u00e9 infinitamente, su \u00faltima vestimenta es sudadera verde y pans gris\u201d, se lee en la publicaci\u00f3n hecha el 7 de julio.<\/p>\n\n\n\n<p class=\"wp-block-paragraph\">La publicaci\u00f3n contiene cinco fotos entre las que no solo aparece el rostro de Aranda, sino tambi\u00e9n donde marc\u00f3 su ultima ubicaci\u00f3n el GPS.<\/p>\n\n\n\n<p class=\"wp-block-paragraph\">Varios familiares continuaron compartiendo las fotografias de Carlos en el mismo perfil. Varias personas preguntaron alrededor de los d\u00edas si ya lo hab\u00edan encontrado, sin embargo, la familia comentaba que no y ped\u00eda que siguieran compartiendo.<\/p>\n\n\n\n<p class=\"wp-block-paragraph\">Por otro lado, la prima de Aranda pidi\u00f3 a las personas un apoyo econ\u00f3mico debido a los gastos de traslado que la familia ha tenido que solventar, por lo que organizaron una rifa para recaudar fondos.<\/p>\n\n\n\n<p class=\"wp-block-paragraph\">Fuente: sinembargo<\/p>\n","protected":false},"excerpt":{"rendered":"<p>Carlos Tom\u00e1s Aranda Bugnion&nbsp;fue reportado como desaparecido en la localidad canadiense de&nbsp;Osoyoos, en&nbsp;Columbia Brit\u00e1nica, desde el pasado 7 de julio del presente a\u00f1o. Se trata de un&nbsp;mexicano originario de Oaxaca. De acuerdo con su ficha de b\u00fasqueda, que fue en Twitter compartida por el&nbsp;Senador Emilio \u00c1lvarez Icaza, Aranda fue visto por \u00faltima vez el pasado [&hellip;]<\/p>\n","protected":false},"author":2,"featured_media":120103,"comment_status":"open","ping_status":"open","sticky":false,"template":"","format":"standard","meta":{"footnotes":""},"categories":[23],"tags":[],"class_list":["post-120102","post","type-post","status-publish","format-standard","has-post-thumbnail","hentry","category-policiacas"],"_links":{"self":[{"href":"http:\/\/elcuartopoder.com.mx\/nw\/wp-json\/wp\/v2\/posts\/120102","targetHints":{"allow":["GET"]}}],"collection":[{"href":"http:\/\/elcuartopoder.com.mx\/nw\/wp-json\/wp\/v2\/posts"}],"about":[{"href":"http:\/\/elcuartopoder.com.mx\/nw\/wp-json\/wp\/v2\/types\/post"}],"author":[{"embeddable":true,"href":"http:\/\/elcuartopoder.com.mx\/nw\/wp-json\/wp\/v2\/users\/2"}],"replies":[{"embeddable":true,"href":"http:\/\/elcuartopoder.com.mx\/nw\/wp-json\/wp\/v2\/comments?post=120102"}],"version-history":[{"count":1,"href":"http:\/\/elcuartopoder.com.mx\/nw\/wp-json\/wp\/v2\/posts\/120102\/revisions"}],"predecessor-version":[{"id":120104,"href":"http:\/\/elcuartopoder.com.mx\/nw\/wp-json\/wp\/v2\/posts\/120102\/revisions\/120104"}],"wp:featuredmedia":[{"embeddable":true,"href":"http:\/\/elcuartopoder.com.mx\/nw\/wp-json\/wp\/v2\/media\/120103"}],"wp:attachment":[{"href":"http:\/\/elcuartopoder.com.mx\/nw\/wp-json\/wp\/v2\/media?parent=120102"}],"wp:term":[{"taxonomy":"category","embeddable":true,"href":"http:\/\/elcuartopoder.com.mx\/nw\/wp-json\/wp\/v2\/categories?post=120102"},{"taxonomy":"post_tag","embeddable":true,"href":"http:\/\/elcuartopoder.com.mx\/nw\/wp-json\/wp\/v2\/tags?post=120102"}],"curies":[{"name":"wp","href":"https:\/\/api.w.org\/{rel}","templated":true}]}}