{"id":120626,"date":"2023-08-03T10:34:53","date_gmt":"2023-08-03T15:34:53","guid":{"rendered":"http:\/\/elcuartopoder.com.mx\/nw\/?p=120626"},"modified":"2023-08-03T10:34:56","modified_gmt":"2023-08-03T15:34:56","slug":"victimas-del-ayer-victimarios-hoy","status":"publish","type":"post","link":"http:\/\/elcuartopoder.com.mx\/nw\/editorial\/victimas-del-ayer-victimarios-hoy\/","title":{"rendered":"V\u00edctimas del ayer, victimarios hoy"},"content":{"rendered":"\n<p class=\"wp-block-paragraph\">A 29 a\u00f1os de levantamiento en armas del Ej\u00e9rcito Zapatista de Liberaci\u00f3n Nacional (EZLN) aquellos motivos de lucha son m\u00e1s vigentes en Chiapas que el 1\u00ba de enero de 1994. El hambre, la marginaci\u00f3n, los desplazamientos forzados, los homicidios, la tortura y las violaciones a los derechos humanos son com\u00fan denominador, a ello se a\u00f1ade la presencia grupos del crimen organizado. La violencia no s\u00f3lo ocurre en poblaciones rurales, San Crist\u00f3bal de las Casas es escenario de cr\u00edmenes perpetrados por grupos de personas ind\u00edgenas que se vieron obligadas a dejar el campo y con \u00e9l la yunta y el arado para en su lugar tomar las armas, e integrarse a la ma\u00f1a en una entidad cada vez m\u00e1s fragmentada por la presencia de grupos paramilitares y sicarios de distintas organizaciones criminales que se disputan un territorio de por s\u00ed complicado debido a conflictos heredados por generaciones.<\/p>\n\n\n\n<p class=\"wp-block-paragraph\">El fin de semana se registr\u00f3 la movilizaci\u00f3n de personas que, llamados&nbsp;<em>Los Motonetos<\/em>, irrumpieron en un barrio del centro de San Crist\u00f3bal de las Casas, el de Guadalupe, contratados para&nbsp;<q>resolver<\/q>&nbsp;una disputa entre particulares. Hubo disparos, gritos, estampida de personas, lesionados y 12 detenidos. Como resultado de trabajos coordinados entre fuerzas municipales, estatales y federales&nbsp;<q>se logr\u00f3 retomar el control de la zona<\/q>, o al menos as\u00ed lo afirman autoridades que, si bien controlaron la situaci\u00f3n, lejos parecen estar de tener el control de una zona que el crimen se disputa.<\/p>\n\n\n\n<p class=\"wp-block-paragraph\">A partir de la segunda mitad de la d\u00e9cada de 1960 comenzaron las expulsiones por intolerancia religiosa en San Juan Chamula, municipio regido ancestralmente por usos y costumbres, y uno de los m\u00e1s violentos de Chiapas. En 1974 se dio una expulsi\u00f3n masiva, 161 personas fueron obligadas a dejar su tierra y con ella su pasado para enfrentar un futuro incierto y nada prometedor. Aquella expulsi\u00f3n escondi\u00f3 en asuntos religiosos una operaci\u00f3n pol\u00edtica del Partido Revolucionario Institucional (PRI) y el entonces gobierno chiapaneco, los expulsados no profesaban una religi\u00f3n distinta a la de sus vecinos, eran disidentes pol\u00edticos.<\/p>\n\n\n\n<p class=\"wp-block-paragraph\">De acuerdo con la Comisi\u00f3n Nacional de los Derechos Humanos, entre 15 mil y 25 mil ind\u00edgenas tsotsiles fueron expulsados entre 1964 y 1994 de San Juan Chamula, Zinactan, Amatenango del Valle y Mitontic. Entre 1988 y 1989, durante el gobierno de Patrocinio Gonz\u00e1lez Garrido, las expulsiones aumentaron. La poblaci\u00f3n desplazada de San Juan Chamula, mayoritariamente evang\u00e9lica, asciende hoy a aproximadamente 50 mil personas, cifra que no cuenta a las generaciones que nacieron en el desplazamiento.<\/p>\n\n\n\n<p class=\"wp-block-paragraph\">Sin tierras qu\u00e9 trabajar, muchos desplazados se asentaron el la zona norte de San Crist\u00f3bal de las Casas, donde sus hijos crecieron o nacieron, varios integran hoy bandas de pandillas \u2013entre ellas&nbsp;<em>Los Motonetos<\/em>\u2013 reclutadas por el crimen organizado para cometer distintos delitos: asalto, venta clandestina de combustible, extorsi\u00f3n, narcotr\u00e1fico, secuestros, se rentan como sicarios y ofrecen servicio de amedrentamiento. Si, por ejemplo, se presenta un accidente de tr\u00e1nsito y con \u00e9l la cl\u00e1sica disputa sobre qui\u00e9n tiene la culpa, s\u00f3lo basta contratar a&nbsp;<em>Los Motonetos<\/em>&nbsp;para que en minutos arriben al lugar a amenazar a la otra parte para que asuma su&nbsp;<q>culpabilidad<\/q>.<\/p>\n\n\n\n<p class=\"wp-block-paragraph\">El Estado no s\u00f3lo ha sido, durante d\u00e9cadas, omiso a las graves violaciones de derechos humanos cometidas contra quienes se han visto obligados a desplazarse de su lugar de origen; tambi\u00e9n ha sido c\u00f3mplice de injusticias y cr\u00edmenes de lesa humanidad cuyas consecuencias fueron tan alertadas como desentendidas. Hoy cobran una factura cuyo principal monto paga y asume una sociedad que lejos est\u00e1 de finiquitar el monto que d\u00e9cadas de olvido e injusticias contra poblaciones orilladas a convertirse en vulnerables genera causando cada vez m\u00e1s intereses.<\/p>\n\n\n\n<p class=\"wp-block-paragraph\">Se podr\u00e1 controlar el instante, como afirman haber hecho las autoridades tras lo ocurrido este fin de semana en San Crist\u00f3bal de las Casas, pero mientras no se atiendan las causas del gigantesco y lamentable abanico de violencias en Chiapas, ser\u00e1 imposible controlar una zona que ha sido\u00a0<em>tomada\u00a0<\/em>por quienes aprovechan la ausencia del cumplimiento de derechos y el olvido de un gobierno que necesita reconocer su responsabilidad \u2013aunque sea culpa del pasado\u2013 para en el futuro no ser c\u00f3mplice de los mismos que promulgaron una ley que no fue consultada con los ind\u00edgenas e invariablemente violan. Se tiene que reconocer que Chiapas es un polvor\u00edn y, para no repetir injusticias, que los hoy victimarios son v\u00edctimas de un ayer desatendido.<\/p>\n\n\n\n<p class=\"wp-block-paragraph\">Fuente: jornada<\/p>\n","protected":false},"excerpt":{"rendered":"<p>A 29 a\u00f1os de levantamiento en armas del Ej\u00e9rcito Zapatista de Liberaci\u00f3n Nacional (EZLN) aquellos motivos de lucha son m\u00e1s vigentes en Chiapas que el 1\u00ba de enero de 1994. El hambre, la marginaci\u00f3n, los desplazamientos forzados, los homicidios, la tortura y las violaciones a los derechos humanos son com\u00fan denominador, a ello se a\u00f1ade [&hellip;]<\/p>\n","protected":false},"author":2,"featured_media":120627,"comment_status":"open","ping_status":"open","sticky":false,"template":"","format":"standard","meta":{"footnotes":""},"categories":[63],"tags":[],"class_list":["post-120626","post","type-post","status-publish","format-standard","has-post-thumbnail","hentry","category-editorial"],"_links":{"self":[{"href":"http:\/\/elcuartopoder.com.mx\/nw\/wp-json\/wp\/v2\/posts\/120626","targetHints":{"allow":["GET"]}}],"collection":[{"href":"http:\/\/elcuartopoder.com.mx\/nw\/wp-json\/wp\/v2\/posts"}],"about":[{"href":"http:\/\/elcuartopoder.com.mx\/nw\/wp-json\/wp\/v2\/types\/post"}],"author":[{"embeddable":true,"href":"http:\/\/elcuartopoder.com.mx\/nw\/wp-json\/wp\/v2\/users\/2"}],"replies":[{"embeddable":true,"href":"http:\/\/elcuartopoder.com.mx\/nw\/wp-json\/wp\/v2\/comments?post=120626"}],"version-history":[{"count":1,"href":"http:\/\/elcuartopoder.com.mx\/nw\/wp-json\/wp\/v2\/posts\/120626\/revisions"}],"predecessor-version":[{"id":120628,"href":"http:\/\/elcuartopoder.com.mx\/nw\/wp-json\/wp\/v2\/posts\/120626\/revisions\/120628"}],"wp:featuredmedia":[{"embeddable":true,"href":"http:\/\/elcuartopoder.com.mx\/nw\/wp-json\/wp\/v2\/media\/120627"}],"wp:attachment":[{"href":"http:\/\/elcuartopoder.com.mx\/nw\/wp-json\/wp\/v2\/media?parent=120626"}],"wp:term":[{"taxonomy":"category","embeddable":true,"href":"http:\/\/elcuartopoder.com.mx\/nw\/wp-json\/wp\/v2\/categories?post=120626"},{"taxonomy":"post_tag","embeddable":true,"href":"http:\/\/elcuartopoder.com.mx\/nw\/wp-json\/wp\/v2\/tags?post=120626"}],"curies":[{"name":"wp","href":"https:\/\/api.w.org\/{rel}","templated":true}]}}