{"id":120632,"date":"2023-08-03T10:45:54","date_gmt":"2023-08-03T15:45:54","guid":{"rendered":"http:\/\/elcuartopoder.com.mx\/nw\/?p=120632"},"modified":"2023-08-03T10:45:57","modified_gmt":"2023-08-03T15:45:57","slug":"siembran-terror-para-imponer-megaproyectos-ong","status":"publish","type":"post","link":"http:\/\/elcuartopoder.com.mx\/nw\/destacadas\/siembran-terror-para-imponer-megaproyectos-ong\/","title":{"rendered":"Siembran terror para imponer megaproyectos: ONG"},"content":{"rendered":"\n<p class=\"wp-block-paragraph\">La violencia que se vive en Chiapas ha dejado numerosas v\u00edctimas, miles de homicidios dolosos, as\u00ed como despojo y destrucci\u00f3n de territorios para despoblar y ocupar tierras codiciadas para proyectos y megaproyectos de grandes empresas trasnacionales y nacionales. Esto ha causado destrucci\u00f3n de bienes, como quema de cosechas de caf\u00e9, miedo y terror entre la poblaci\u00f3n, sufrimiento, c\u00e1rcel y criminalizaci\u00f3n por parte de un sistema judicial \u201cpunitivo y corrupto\u201d.<\/p>\n\n\n\n<p class=\"wp-block-paragraph\">En la continuaci\u00f3n del foro \u201cDel horror de la guerra a la resistencia por la vida\u201d, Carlos Gonz\u00e1lez, integrante de la comisi\u00f3n de coordinaci\u00f3n del Congreso Nacional Ind\u00edgena, se\u00f1al\u00f3 que el origen de esta violencia, que \u201ctoma la forma de una guerra\u201d, es \u201cen gran medida el despojo, la ocupaci\u00f3n de los territorios, de nuestros pueblos, para imponer un conjunto de pol\u00edticas y megaproyectos extractivos, fundamentalmente vinculados a la miner\u00eda, a cuestiones energ\u00e9ticas, de hidrocarburos\u201d.<\/p>\n\n\n\n<p class=\"wp-block-paragraph\">Dichas pol\u00edticas y proyectos, agreg\u00f3, tienen el prop\u00f3sito de \u201cdestruir esas resistencias tan vitales y necesarias para la humanidad como la del zapatismo, que se contraponen a toda esta l\u00f3gica de despojo, de explotaci\u00f3n, de guerras crecientes que nos imponen a nivel global, nacional y regional\u201d.<\/p>\n\n\n\n<p class=\"wp-block-paragraph\">Dolores Gonz\u00e1lez Saravia, de Servicios de Asesor\u00eda para la Paz, apunt\u00f3 que la \u201ceconom\u00eda criminal\u201d se sostiene en una estrategia de control territorial, pol\u00edtico, econ\u00f3mico, social y cultural de las poblaciones, lo que implica confrontaciones violentas en cada uno de estos campos.<\/p>\n\n\n\n<p class=\"wp-block-paragraph\">Expuso que \u201clas causas de esta situaci\u00f3n de violencia extrema son estructurales; vivimos un proceso muy violento de acumulaci\u00f3n, quiz\u00e1 el m\u00e1s violento en la historia del capitalismo, y de disciplinamiento social para hacerlo posible, con enorme costo social y humano.<\/p>\n\n\n\n<p class=\"wp-block-paragraph\">\u201cLa econom\u00eda extractiva que violenta la naturaleza nos lleva hacia una cat\u00e1strofe ecol\u00f3gica y la econom\u00eda de la desigualdad promueven una hiperconcentraci\u00f3n de la riqueza y un crecimiento exponencial de la pobreza en el mundo\u201d, advirti\u00f3.<\/p>\n\n\n\n<p class=\"wp-block-paragraph\">Fuente: jornada<\/p>\n","protected":false},"excerpt":{"rendered":"<p>La violencia que se vive en Chiapas ha dejado numerosas v\u00edctimas, miles de homicidios dolosos, as\u00ed como despojo y destrucci\u00f3n de territorios para despoblar y ocupar tierras codiciadas para proyectos y megaproyectos de grandes empresas trasnacionales y nacionales. Esto ha causado destrucci\u00f3n de bienes, como quema de cosechas de caf\u00e9, miedo y terror entre la [&hellip;]<\/p>\n","protected":false},"author":2,"featured_media":120633,"comment_status":"open","ping_status":"open","sticky":false,"template":"","format":"standard","meta":{"footnotes":""},"categories":[59],"tags":[],"class_list":["post-120632","post","type-post","status-publish","format-standard","has-post-thumbnail","hentry","category-destacadas"],"_links":{"self":[{"href":"http:\/\/elcuartopoder.com.mx\/nw\/wp-json\/wp\/v2\/posts\/120632","targetHints":{"allow":["GET"]}}],"collection":[{"href":"http:\/\/elcuartopoder.com.mx\/nw\/wp-json\/wp\/v2\/posts"}],"about":[{"href":"http:\/\/elcuartopoder.com.mx\/nw\/wp-json\/wp\/v2\/types\/post"}],"author":[{"embeddable":true,"href":"http:\/\/elcuartopoder.com.mx\/nw\/wp-json\/wp\/v2\/users\/2"}],"replies":[{"embeddable":true,"href":"http:\/\/elcuartopoder.com.mx\/nw\/wp-json\/wp\/v2\/comments?post=120632"}],"version-history":[{"count":1,"href":"http:\/\/elcuartopoder.com.mx\/nw\/wp-json\/wp\/v2\/posts\/120632\/revisions"}],"predecessor-version":[{"id":120634,"href":"http:\/\/elcuartopoder.com.mx\/nw\/wp-json\/wp\/v2\/posts\/120632\/revisions\/120634"}],"wp:featuredmedia":[{"embeddable":true,"href":"http:\/\/elcuartopoder.com.mx\/nw\/wp-json\/wp\/v2\/media\/120633"}],"wp:attachment":[{"href":"http:\/\/elcuartopoder.com.mx\/nw\/wp-json\/wp\/v2\/media?parent=120632"}],"wp:term":[{"taxonomy":"category","embeddable":true,"href":"http:\/\/elcuartopoder.com.mx\/nw\/wp-json\/wp\/v2\/categories?post=120632"},{"taxonomy":"post_tag","embeddable":true,"href":"http:\/\/elcuartopoder.com.mx\/nw\/wp-json\/wp\/v2\/tags?post=120632"}],"curies":[{"name":"wp","href":"https:\/\/api.w.org\/{rel}","templated":true}]}}