{"id":120635,"date":"2023-08-03T11:13:02","date_gmt":"2023-08-03T16:13:02","guid":{"rendered":"http:\/\/elcuartopoder.com.mx\/nw\/?p=120635"},"modified":"2023-08-03T11:13:06","modified_gmt":"2023-08-03T16:13:06","slug":"sofia-vergara-no-permitira-que-joe-manganiello-se-quede-con-su-fortuna","status":"publish","type":"post","link":"http:\/\/elcuartopoder.com.mx\/nw\/entretenimiento\/espectaculos\/sofia-vergara-no-permitira-que-joe-manganiello-se-quede-con-su-fortuna\/","title":{"rendered":"Sof\u00eda Vergara no permitir\u00e1 que Joe Manganiello se quede con su fortuna"},"content":{"rendered":"\n<p class=\"wp-block-paragraph\"><strong>Sof\u00eda Vergara<\/strong>\u00a0y\u00a0<strong>Joe Manganiello<\/strong>\u00a0confirmaban su divorcio hace dos semanas. La\u00a0pareja\u00a0de int\u00e9rpretes confesaron haberse separado por \u00abdiferencias irreconciliables\u00bb. No quisieron dar m\u00e1s detalles sobre la decisi\u00f3n tomada y pidieron que se respetase la privacidad de ambos. La actriz ya habr\u00eda empezado a mover los hilos necesarios para que la justicia realice el proceso de la mejor manera.<\/p>\n\n\n\n<p class=\"wp-block-paragraph\">La\u00a0colombiana\u00a0ha presentado ante el tribunal\u00a0<strong>una petici\u00f3n para que se respete el acuerdo prenupcial<\/strong>\u00a0que firmaron para poder proteger las ganancias obtenidas antes, durante y despu\u00e9s del matrimonio. Los enamorados firmaron este documento por si en alg\u00fan momento se produc\u00eda la ruptura, la cual lleg\u00f3 tras siete a\u00f1os de relaci\u00f3n.<\/p>\n\n\n\n<p class=\"wp-block-paragraph\">El acuerdo est\u00e1 sometido a una cl\u00e1usula de confidencialidad que no permite conocer su contenido. Sin embargo, &#8216;Page Six&#8217; ha podido acceder a este. Los bienes que compart\u00edan ser\u00e1n repartidos seg\u00fan se decida, pero los que la modelo quiere conservar a toda costa ser\u00edan&nbsp;<strong>\u00ablas diferentes joyas, obras de arte y otros objetos personales\u00bb<\/strong>. Todav\u00eda queda por saber si alguno de los c\u00f3nyuges tendr\u00e1 que hacerse cargo de la manutenci\u00f3n del otro.<\/p>\n\n\n\n<p class=\"wp-block-paragraph\">La jurado de &#8216;America\u00b4s Got Talent&#8217; cuenta con un patrimonio valorado en 180 millones de d\u00f3lares. En 2020 fue nombrada<strong>&nbsp;\u00abla actriz mejor pagada de Hollywood\u00bb<\/strong>&nbsp;por la revista &#8216;Forbes&#8217;. Esto se debi\u00f3, principalmente, a los 500 mil d\u00f3lares que cobraba por cada episodio de la famosa sitcom &#8216;Modern Family&#8217;. El actor de &#8216;True Blood&#8217; tambi\u00e9n ha conseguido formar una herencia de 40 millones de d\u00f3lares.<\/p>\n\n\n\n<p class=\"wp-block-paragraph\">A la presentadora se le pudo ver recientemente en Italia, realizando un viaje de amigas en el que se mostr\u00f3 alegre tras su reciente separaci\u00f3n. En cambio, un amigo cercano al estadounidense reconoci\u00f3, para &#8216;Page Six&#8217; que se encuentra&nbsp;<strong>\u00abun poco m\u00e1s abatido\u00bb<\/strong>. A\u00fan as\u00ed, ya podr\u00eda estar pensando en ser padre en poco tiempo, lo cual no lleg\u00f3 a conseguir con Vergara.<\/p>\n\n\n\n<h3 class=\"wp-block-heading\">La custodia del perro para Manganiello<\/h3>\n\n\n\n<p class=\"wp-block-paragraph\">Tras m\u00e1s de un lustro de relaci\u00f3n no tuvieron descendencia, pero si que compartieron el cuidado de Bubbles, un cruce entre chihuahua y pomerania, que tiene ahora diez a\u00f1os. El\u00a0can\u00a0est\u00e1 muy unido a Manganiello y seg\u00fan han confesado, a &#8216;Daily Mail&#8217;, fuentes cercanas\u00a0<strong>\u00abni en un mill\u00f3n de a\u00f1os Joe se separar\u00eda de su perro\u00bb<\/strong>.<\/p>\n\n\n\n<figure class=\"wp-block-image\"><img decoding=\"async\" src=\"https:\/\/s2.abcstatics.com\/abc\/www\/multimedia\/gente\/2023\/08\/02\/sofiavergara_213605082_4143587682388312_5007243617610710830_n-U44558576354Qlb-624x750@abc.jpg\" alt=\"Joe Manganiello y Sof\u00eda Vergara con su perro 'Bubbles'\"\/><figcaption>Joe Manganiello y Sof\u00eda Vergara con su perro &#8216;Bubbles&#8217;&nbsp;REDES<\/figcaption><\/figure>\n\n\n\n<p class=\"wp-block-paragraph\">El peque\u00f1o fue adoptado hace dos a\u00f1os por la artista, pero se uni\u00f3 m\u00e1s a la estrella de &#8216;Magic Mike XXL&#8217;, al que persigue a todas partes y con el que pasa la mayor parte del tiempo.\u00a0Vergara\u00a0confes\u00f3 en &#8216;The Tonight Show&#8217; que su relaci\u00f3n el anciano pomerania no era id\u00edlica. \u00ab<strong>Es horrible, ella me odia<\/strong>. Ella es s\u00faper mala conmigo. \u00a1Ella me muerde!\u00a0<strong>Ella no es tan linda en persona<\/strong>\u00bb, coment\u00f3 entre bromas.<\/p>\n\n\n\n<p class=\"wp-block-paragraph\">Fuente: ABC<\/p>\n","protected":false},"excerpt":{"rendered":"<p>Sof\u00eda Vergara\u00a0y\u00a0Joe Manganiello\u00a0confirmaban su divorcio hace dos semanas. La\u00a0pareja\u00a0de int\u00e9rpretes confesaron haberse separado por \u00abdiferencias irreconciliables\u00bb. No quisieron dar m\u00e1s detalles sobre la decisi\u00f3n tomada y pidieron que se respetase la privacidad de ambos. La actriz ya habr\u00eda empezado a mover los hilos necesarios para que la justicia realice el proceso de la mejor manera. [&hellip;]<\/p>\n","protected":false},"author":2,"featured_media":120636,"comment_status":"open","ping_status":"open","sticky":false,"template":"","format":"standard","meta":{"footnotes":""},"categories":[11],"tags":[],"class_list":["post-120635","post","type-post","status-publish","format-standard","has-post-thumbnail","hentry","category-espectaculos"],"_links":{"self":[{"href":"http:\/\/elcuartopoder.com.mx\/nw\/wp-json\/wp\/v2\/posts\/120635","targetHints":{"allow":["GET"]}}],"collection":[{"href":"http:\/\/elcuartopoder.com.mx\/nw\/wp-json\/wp\/v2\/posts"}],"about":[{"href":"http:\/\/elcuartopoder.com.mx\/nw\/wp-json\/wp\/v2\/types\/post"}],"author":[{"embeddable":true,"href":"http:\/\/elcuartopoder.com.mx\/nw\/wp-json\/wp\/v2\/users\/2"}],"replies":[{"embeddable":true,"href":"http:\/\/elcuartopoder.com.mx\/nw\/wp-json\/wp\/v2\/comments?post=120635"}],"version-history":[{"count":1,"href":"http:\/\/elcuartopoder.com.mx\/nw\/wp-json\/wp\/v2\/posts\/120635\/revisions"}],"predecessor-version":[{"id":120637,"href":"http:\/\/elcuartopoder.com.mx\/nw\/wp-json\/wp\/v2\/posts\/120635\/revisions\/120637"}],"wp:featuredmedia":[{"embeddable":true,"href":"http:\/\/elcuartopoder.com.mx\/nw\/wp-json\/wp\/v2\/media\/120636"}],"wp:attachment":[{"href":"http:\/\/elcuartopoder.com.mx\/nw\/wp-json\/wp\/v2\/media?parent=120635"}],"wp:term":[{"taxonomy":"category","embeddable":true,"href":"http:\/\/elcuartopoder.com.mx\/nw\/wp-json\/wp\/v2\/categories?post=120635"},{"taxonomy":"post_tag","embeddable":true,"href":"http:\/\/elcuartopoder.com.mx\/nw\/wp-json\/wp\/v2\/tags?post=120635"}],"curies":[{"name":"wp","href":"https:\/\/api.w.org\/{rel}","templated":true}]}}