{"id":120700,"date":"2023-08-05T13:02:55","date_gmt":"2023-08-05T18:02:55","guid":{"rendered":"http:\/\/elcuartopoder.com.mx\/nw\/?p=120700"},"modified":"2023-08-05T13:02:58","modified_gmt":"2023-08-05T18:02:58","slug":"si-te-llevas-el-movil-a-la-playa-o-a-la-piscina-atento-estas-son-las-consecuencias-de-dejarlo-muchas-horas-bajo-el-sol","status":"publish","type":"post","link":"http:\/\/elcuartopoder.com.mx\/nw\/entretenimiento\/tecnologia\/si-te-llevas-el-movil-a-la-playa-o-a-la-piscina-atento-estas-son-las-consecuencias-de-dejarlo-muchas-horas-bajo-el-sol\/","title":{"rendered":"Si te llevas el m\u00f3vil a la playa o a la piscina, atento: estas son las consecuencias de dejarlo muchas horas bajo el sol"},"content":{"rendered":"\n<p>\u00bfQui\u00e9n no ha aprovechado las vacaciones de verano para ir a la playa o a la piscina alguna vez y alejarse as\u00ed del calor? Cada vez son m\u00e1s personas las que recurren a los ba\u00f1os en su tiempo libre para rehuir del calor estival y, en estas excursiones, es importante llevar todo lo necesario, desde crema solar y las chanclas hasta el tel\u00e9fono m\u00f3vil.<\/p>\n\n\n\n<p>Sin embargo, llevar nuestro smartphone junto a nosotros puede no ser la mejor idea, pues las largu\u00edsimas horas de exposici\u00f3n al sol pueden llegar a afectar a su funcionamiento. El sobrecalentamiento de nuestros tel\u00e9fonos se ha convertido en algo que sucede recurrentemente cuando se registran tan altas temperaturas y, en algunos casos, puede llegar a estropear su bater\u00eda e incluso hacer que nuestro m\u00f3vil quede completamente inservible.<\/p>\n\n\n\n<p>Esto suele suceder cuando dejamos el m\u00f3vil en una zona donde los rayos del sol incidan directamente. Por ello, existen una serie de recomendaciones que debemos seguir si no queremos tener problemas con nuestro smartphone a lo largo del verano.<\/p>\n\n\n\n<h3 class=\"wp-block-heading\">C\u00f3mo puedes proteger el m\u00f3vil del sol<\/h3>\n\n\n\n<p>El&nbsp;<strong>calor<\/strong>&nbsp;se ha convertido en una de las principales preocupaciones a la hora de usar el tel\u00e9fono este verano. Todos hemos visto en alguna ocasi\u00f3n un mensaje de advertencia que avisaba de que la&nbsp;<strong>temperatura de nuestro m\u00f3vil<\/strong>&nbsp;era demasiado alta y, con los&nbsp;<a href=\"https:\/\/www.abc.es\/sociedad\/aemet-avisa-llegada-borrasca-patricia-espana-grados-20230802105321-nt.html\">alt\u00edsimos valores<\/a>&nbsp;que se est\u00e1n viviendo durante las \u00faltimas semanas, es cada vez m\u00e1s habitual.<\/p>\n\n\n\n<p>Para evitar que la<strong>&nbsp;bater\u00eda de nuestro tel\u00e9fono se achicharre<\/strong>&nbsp;en la playa o en la piscina, es recomendable seguir una serie de consejos para poder proteger el m\u00f3vil del sol. Entre ellos,<strong>&nbsp;evitar la exposici\u00f3n directa<\/strong>&nbsp;a las altas temperaturas, quitarle la funda para permitir que se ventile o evitar el uso de aplicaciones muy pesadas.<\/p>\n\n\n\n<h3 class=\"wp-block-heading\">Consejos para evitar que tu m\u00f3vil se sobrecaliente<\/h3>\n\n\n\n<ul class=\"wp-block-list\"><li>Evita que le d\u00e9 directamente la luz del sol<\/li><li>Mantenlo apagado siempre que puedas<\/li><li>No hagas uso de apps muy pesadas<\/li><li>Qu\u00edtale la funda para ventilar el m\u00f3vil<\/li><li>Ap\u00f3yalo en superficies fr\u00edas para que se regule su temperatura<\/li><li>Reduce el brillo de la pantalla<\/li><li>No lo cargues con altas temperaturas<\/li><\/ul>\n\n\n\n<h3 class=\"wp-block-heading\">Cuidado con el agua: puede afectar a tu m\u00f3vil<\/h3>\n\n\n\n<p>El sol no es el \u00fanico enemigo de nuestro m\u00f3vil de cara a este verano:<strong>&nbsp;el agua<\/strong>&nbsp;tambi\u00e9n puede afectar seriamente a las prestaciones de nuestro tel\u00e9fono si no tenemos cuidado. Y es que, aunque muchos smartphones est\u00e1n preparados para&nbsp;<strong>resistir al agua<\/strong>, hay otros tantos que no cuentan con esta certificaci\u00f3n.<\/p>\n\n\n\n<p>Debes tener en cuenta, adem\u00e1s, que incluso los tel\u00e9fonos que presumen de estar a prueba de agua<strong>\u00a0pueden ir perdiendo resistencia<\/strong>. Esto sucede por el\u00a0<strong>desgaste en el sellado<\/strong>\u00a0de las uniones entre las piezas, ya sea por golpes, rozaduras o por el simple paso del tiempo. Por ello, te recomendamos que, antes de introducir tu tel\u00e9fono en la piscina o la playa, te asegures de que es capaz de resistir.<\/p>\n\n\n\n<p>Fuente: ABC<\/p>\n","protected":false},"excerpt":{"rendered":"<p>\u00bfQui\u00e9n no ha aprovechado las vacaciones de verano para ir a la playa o a la piscina alguna vez y alejarse as\u00ed del calor? Cada vez son m\u00e1s personas las que recurren a los ba\u00f1os en su tiempo libre para rehuir del calor estival y, en estas excursiones, es importante llevar todo lo necesario, desde [&hellip;]<\/p>\n","protected":false},"author":2,"featured_media":120701,"comment_status":"open","ping_status":"open","sticky":false,"template":"","format":"standard","meta":{"footnotes":""},"categories":[57],"tags":[],"class_list":["post-120700","post","type-post","status-publish","format-standard","has-post-thumbnail","hentry","category-tecnologia"],"_links":{"self":[{"href":"http:\/\/elcuartopoder.com.mx\/nw\/wp-json\/wp\/v2\/posts\/120700","targetHints":{"allow":["GET"]}}],"collection":[{"href":"http:\/\/elcuartopoder.com.mx\/nw\/wp-json\/wp\/v2\/posts"}],"about":[{"href":"http:\/\/elcuartopoder.com.mx\/nw\/wp-json\/wp\/v2\/types\/post"}],"author":[{"embeddable":true,"href":"http:\/\/elcuartopoder.com.mx\/nw\/wp-json\/wp\/v2\/users\/2"}],"replies":[{"embeddable":true,"href":"http:\/\/elcuartopoder.com.mx\/nw\/wp-json\/wp\/v2\/comments?post=120700"}],"version-history":[{"count":1,"href":"http:\/\/elcuartopoder.com.mx\/nw\/wp-json\/wp\/v2\/posts\/120700\/revisions"}],"predecessor-version":[{"id":120702,"href":"http:\/\/elcuartopoder.com.mx\/nw\/wp-json\/wp\/v2\/posts\/120700\/revisions\/120702"}],"wp:featuredmedia":[{"embeddable":true,"href":"http:\/\/elcuartopoder.com.mx\/nw\/wp-json\/wp\/v2\/media\/120701"}],"wp:attachment":[{"href":"http:\/\/elcuartopoder.com.mx\/nw\/wp-json\/wp\/v2\/media?parent=120700"}],"wp:term":[{"taxonomy":"category","embeddable":true,"href":"http:\/\/elcuartopoder.com.mx\/nw\/wp-json\/wp\/v2\/categories?post=120700"},{"taxonomy":"post_tag","embeddable":true,"href":"http:\/\/elcuartopoder.com.mx\/nw\/wp-json\/wp\/v2\/tags?post=120700"}],"curies":[{"name":"wp","href":"https:\/\/api.w.org\/{rel}","templated":true}]}}