{"id":121306,"date":"2023-08-24T12:26:14","date_gmt":"2023-08-24T17:26:14","guid":{"rendered":"http:\/\/elcuartopoder.com.mx\/nw\/?p=121306"},"modified":"2023-08-24T12:26:17","modified_gmt":"2023-08-24T17:26:17","slug":"eros-ramazzotti-presenta-a-su-novia-25-anos-mas-joven-que-el","status":"publish","type":"post","link":"http:\/\/elcuartopoder.com.mx\/nw\/entretenimiento\/espectaculos\/eros-ramazzotti-presenta-a-su-novia-25-anos-mas-joven-que-el\/","title":{"rendered":"Eros Ramazzotti presenta a su novia: 25 a\u00f1os m\u00e1s joven que \u00e9l"},"content":{"rendered":"\n<p>En un verano lleno de rupturas,\u00a0el amor vuelve\u00a0a salir a relucir. Esta vez ha sido de la mano de\u00a0<strong>Eros Ramazzotti<\/strong>, del que ya se rumoreaba en 2022 que hab\u00eda recuperado la ilusi\u00f3n. Ha sido a trav\u00e9s de Instagram por donde ha presentado a su nueva novia, con un sorprendente detalle que ha sorprendido a sus seguidores: se llevan 25 a\u00f1os de diferencia.<\/p>\n\n\n\n<p>El cantante, de 59 a\u00f1os, expres\u00f3 sus sentimientos mediante un texto, escrito en italiano, en el que habla del amor y de lo que este significa para \u00e9l. \u00abNo escucha las palabras de la gente, es sordo, maldito profundo terco,<strong>\u00a0no tiene EDAD<\/strong>, hace mal, hace el bien,\u00a0<strong>no se esconde<\/strong>, ense\u00f1a, crece, a veces es feroz m\u00e1s all\u00e1 de todos los l\u00edmites, y es el lado oscuro de su ser irracional,\u00a0<strong>es hermoso pero tambi\u00e9n desconocido<\/strong>, vivamos este amor hasta el final,\u00a0<strong>viv\u00e1moslo hasta el final, todos, sin miedo<\/strong>\u00ab.<\/p>\n\n\n\n<p>El compositor hace hincapi\u00e9 en la palabra &#8216;edad&#8217;, ya que la diferencia de edad es una de las mayores cr\u00edticas que reciben las parejas de este tipo. Pero el artista ya no se esconde, incluso ha etiquetado a la joven en el post para que todo el mundo puede saber m\u00e1s de ella. Los medios italianos ya se han puesto en marcha.<\/p>\n\n\n\n<figure class=\"wp-block-image\"><img decoding=\"async\" src=\"https:\/\/s1.abcstatics.com\/abc\/www\/multimedia\/gente\/2023\/08\/23\/IMG_4514-U68834367744Wjs-624x650@abc.jpg\" alt=\"Ramazzotti y Gelsomino\"\/><figcaption>Ramazzotti y Gelsomino&nbsp;REDES<\/figcaption><\/figure>\n\n\n\n<p>&#8216;Corriere della Sera&#8217; informa que\u00a0<strong>Dalila Gelsomino<\/strong>\u00a0naci\u00f3 en Mil\u00e1n y que se ha dedicado al mundo del modelaje. Se conoci\u00f3 con el cantante en M\u00e9xico, donde ella reside desde 2016, ya que trabaja como organizadora de eventos en dicho pa\u00eds. Gelsomino ha seguido los pasos de Ramazzotti y ha compartido tambi\u00e9n una serie de instant\u00e1neas para confirmar el secreto a voces.<\/p>\n\n\n\n<p>En el post ella ha mostrado parte de la gira del compositor, en la que ella ha intentado estar lo m\u00e1s presente posible.<strong>&nbsp;\u00abSolo fui una peque\u00f1a parte de esta gira y es la parte que me permiti\u00f3 ver todo el enorme trabajo de un equipo de gente sobre el terreno y con gran talento\u00bb<\/strong>&nbsp;se\u00f1ala.<\/p>\n\n\n\n<p>Pero tambi\u00e9n aprovech\u00f3 para dedicar unas especiales palabras hacia el que se ha convertido en su ilusi\u00f3n: Detr\u00e1s de 90 citas agotadas hay un\u00a0<strong>ser humano especial<\/strong>. M\u00e1s especial de lo que podr\u00edas imaginar conoci\u00e9ndolo solo como artista.\u00a0<strong>Amable, humilde, loco, agradable y con una nobleza desarmadora<\/strong>\u00ab a\u00f1ad\u00eda la modelo.<\/p>\n\n\n\n<p>Fuente: ABC<\/p>\n","protected":false},"excerpt":{"rendered":"<p>En un verano lleno de rupturas,\u00a0el amor vuelve\u00a0a salir a relucir. Esta vez ha sido de la mano de\u00a0Eros Ramazzotti, del que ya se rumoreaba en 2022 que hab\u00eda recuperado la ilusi\u00f3n. Ha sido a trav\u00e9s de Instagram por donde ha presentado a su nueva novia, con un sorprendente detalle que ha sorprendido a sus [&hellip;]<\/p>\n","protected":false},"author":2,"featured_media":121307,"comment_status":"open","ping_status":"open","sticky":false,"template":"","format":"standard","meta":{"footnotes":""},"categories":[11],"tags":[],"class_list":["post-121306","post","type-post","status-publish","format-standard","has-post-thumbnail","hentry","category-espectaculos"],"_links":{"self":[{"href":"http:\/\/elcuartopoder.com.mx\/nw\/wp-json\/wp\/v2\/posts\/121306","targetHints":{"allow":["GET"]}}],"collection":[{"href":"http:\/\/elcuartopoder.com.mx\/nw\/wp-json\/wp\/v2\/posts"}],"about":[{"href":"http:\/\/elcuartopoder.com.mx\/nw\/wp-json\/wp\/v2\/types\/post"}],"author":[{"embeddable":true,"href":"http:\/\/elcuartopoder.com.mx\/nw\/wp-json\/wp\/v2\/users\/2"}],"replies":[{"embeddable":true,"href":"http:\/\/elcuartopoder.com.mx\/nw\/wp-json\/wp\/v2\/comments?post=121306"}],"version-history":[{"count":1,"href":"http:\/\/elcuartopoder.com.mx\/nw\/wp-json\/wp\/v2\/posts\/121306\/revisions"}],"predecessor-version":[{"id":121308,"href":"http:\/\/elcuartopoder.com.mx\/nw\/wp-json\/wp\/v2\/posts\/121306\/revisions\/121308"}],"wp:featuredmedia":[{"embeddable":true,"href":"http:\/\/elcuartopoder.com.mx\/nw\/wp-json\/wp\/v2\/media\/121307"}],"wp:attachment":[{"href":"http:\/\/elcuartopoder.com.mx\/nw\/wp-json\/wp\/v2\/media?parent=121306"}],"wp:term":[{"taxonomy":"category","embeddable":true,"href":"http:\/\/elcuartopoder.com.mx\/nw\/wp-json\/wp\/v2\/categories?post=121306"},{"taxonomy":"post_tag","embeddable":true,"href":"http:\/\/elcuartopoder.com.mx\/nw\/wp-json\/wp\/v2\/tags?post=121306"}],"curies":[{"name":"wp","href":"https:\/\/api.w.org\/{rel}","templated":true}]}}