{"id":121309,"date":"2023-08-24T12:31:25","date_gmt":"2023-08-24T17:31:25","guid":{"rendered":"http:\/\/elcuartopoder.com.mx\/nw\/?p=121309"},"modified":"2023-08-24T12:31:28","modified_gmt":"2023-08-24T17:31:28","slug":"el-gobierno-de-nicaragua-ilegaliza-la-comunidad-jesuita-y-confisca-todos-sus-bienes","status":"publish","type":"post","link":"http:\/\/elcuartopoder.com.mx\/nw\/internacionales\/el-gobierno-de-nicaragua-ilegaliza-la-comunidad-jesuita-y-confisca-todos-sus-bienes\/","title":{"rendered":"El Gobierno de Nicaragua ilegaliza la comunidad jesu\u00edta y confisca todos sus bienes"},"content":{"rendered":"\n<p>El Gobierno de Nicaragua ha ordenado el cierre de la<strong>&nbsp;Asociaci\u00f3n Compa\u00f1\u00eda de Jes\u00fas de Nicaragua<\/strong>&nbsp;y la incautaci\u00f3n de todos sus bienes, en la ofensiva definitiva contra los jesu\u00edtas tras la orden contra la Universidad Centroamericana (UCA), acusada de ser un foco de protestas.<\/p>\n\n\n\n<p>Un decreto del Ministerio de Gobernaci\u00f3n publicado este mi\u00e9rcoles en el diario oficial da cuenta de la \u00faltima medida, bajo el argumento de que la Compa\u00f1\u00eda de Jes\u00fas<strong>&nbsp;no inform\u00f3 de su situaci\u00f3n fiscal en los \u00faltimos ejercicios y no ha renovado su junta directiva,<\/strong>&nbsp;excusas ambas recurrentes en los cierres ordenados contra organizaciones opositoras en los \u00faltimos a\u00f1os.<\/p>\n\n\n\n<p>Corresponde ahora a la Procuradur\u00eda General realizar el&nbsp;<strong>traspaso de los bienes de la Compa\u00f1\u00eda de Jes\u00fas,<\/strong>&nbsp;que ser\u00e1n puestos \u00aba nombre del Estado de Nicaragua\u00bb, seg\u00fan el documento recogido por el diario nicarag\u00fcense &#8216;La Prensa&#8217;.<\/p>\n\n\n\n<p>El r\u00e9gimen&nbsp;<strong>ya hab\u00eda confiscado previamente la UCA y viviendas de religiosos.<\/strong>&nbsp;A ojos del Gobierno de Daniel Ortega, la universidad se hab\u00eda convertido en \u00abun centro de terroristas\u00bb, una acusaci\u00f3n que se enmarca en la persecuci\u00f3n a la Iglesia cat\u00f3lica, iniciada tras las protestas de 2018.<\/p>\n","protected":false},"excerpt":{"rendered":"<p>El Gobierno de Nicaragua ha ordenado el cierre de la&nbsp;Asociaci\u00f3n Compa\u00f1\u00eda de Jes\u00fas de Nicaragua&nbsp;y la incautaci\u00f3n de todos sus bienes, en la ofensiva definitiva contra los jesu\u00edtas tras la orden contra la Universidad Centroamericana (UCA), acusada de ser un foco de protestas. Un decreto del Ministerio de Gobernaci\u00f3n publicado este mi\u00e9rcoles en el diario [&hellip;]<\/p>\n","protected":false},"author":2,"featured_media":121310,"comment_status":"open","ping_status":"open","sticky":false,"template":"","format":"standard","meta":{"footnotes":""},"categories":[8],"tags":[],"class_list":["post-121309","post","type-post","status-publish","format-standard","has-post-thumbnail","hentry","category-internacionales"],"_links":{"self":[{"href":"http:\/\/elcuartopoder.com.mx\/nw\/wp-json\/wp\/v2\/posts\/121309","targetHints":{"allow":["GET"]}}],"collection":[{"href":"http:\/\/elcuartopoder.com.mx\/nw\/wp-json\/wp\/v2\/posts"}],"about":[{"href":"http:\/\/elcuartopoder.com.mx\/nw\/wp-json\/wp\/v2\/types\/post"}],"author":[{"embeddable":true,"href":"http:\/\/elcuartopoder.com.mx\/nw\/wp-json\/wp\/v2\/users\/2"}],"replies":[{"embeddable":true,"href":"http:\/\/elcuartopoder.com.mx\/nw\/wp-json\/wp\/v2\/comments?post=121309"}],"version-history":[{"count":1,"href":"http:\/\/elcuartopoder.com.mx\/nw\/wp-json\/wp\/v2\/posts\/121309\/revisions"}],"predecessor-version":[{"id":121311,"href":"http:\/\/elcuartopoder.com.mx\/nw\/wp-json\/wp\/v2\/posts\/121309\/revisions\/121311"}],"wp:featuredmedia":[{"embeddable":true,"href":"http:\/\/elcuartopoder.com.mx\/nw\/wp-json\/wp\/v2\/media\/121310"}],"wp:attachment":[{"href":"http:\/\/elcuartopoder.com.mx\/nw\/wp-json\/wp\/v2\/media?parent=121309"}],"wp:term":[{"taxonomy":"category","embeddable":true,"href":"http:\/\/elcuartopoder.com.mx\/nw\/wp-json\/wp\/v2\/categories?post=121309"},{"taxonomy":"post_tag","embeddable":true,"href":"http:\/\/elcuartopoder.com.mx\/nw\/wp-json\/wp\/v2\/tags?post=121309"}],"curies":[{"name":"wp","href":"https:\/\/api.w.org\/{rel}","templated":true}]}}