{"id":121312,"date":"2023-08-24T12:35:18","date_gmt":"2023-08-24T17:35:18","guid":{"rendered":"http:\/\/elcuartopoder.com.mx\/nw\/?p=121312"},"modified":"2023-08-24T12:35:22","modified_gmt":"2023-08-24T17:35:22","slug":"jenni-hermoso-se-pronuncia-a-traves-de-su-sindicato-que-pide-medidas-ejemplares-contra-rubiales","status":"publish","type":"post","link":"http:\/\/elcuartopoder.com.mx\/nw\/entretenimiento\/deportes\/jenni-hermoso-se-pronuncia-a-traves-de-su-sindicato-que-pide-medidas-ejemplares-contra-rubiales\/","title":{"rendered":"Jenni Hermoso se pronuncia a trav\u00e9s de su sindicato, que pide medidas ejemplares contra Rubiales"},"content":{"rendered":"\n<p>Jennifer Hermoso ha roto su silencio sobre la pol\u00e9mica de Luis Rubiales y el beso inapropiado que le propin\u00f3 durante la ceremonia de premiaci\u00f3n del Mundial de f\u00fatbol conquistado por Espa\u00f1a.<\/p>\n\n\n\n<p>La jugadora, m\u00e1xima goleadora de la historia de la Selecci\u00f3n femenina, ha delegado en el sindicato Futpro y en su agencia de representaci\u00f3n, TMJ, para pronunciarse en el caso:<\/p>\n\n\n\n<p>\u00abMi sindicato FUTPRO, en coordinaci\u00f3n con mi agencia TMJ se est\u00e1n encargando de defender mis intereses y ser los interlocutores sobre este asunto\u00bb, ha dicho Hermoso en el comunicado difundido por ambos organismos.<\/p>\n\n\n\n<p>Comunicado \u00edntegro de Futpro y TMJ<br>Desde FUTPRO expresamos nuestra firme y rotunda condena ante conductas que atenten contra la dignidad de las mujeres.<\/p>\n\n\n\n<p>Desde nuestra asociaci\u00f3n pedimos a la Real Federaci\u00f3n Espa\u00f1ola de F\u00fatbol que implemente los protocolos necesarios, vele por los derechos de nuestras jugadoras y adopte medidas ejemplares. Es esencial que nuestra selecci\u00f3n, actual campeona del mundo, est\u00e9 siempre representada por figuras que proyecten valores de igualdad y respeto en todos los \u00e1mbitos. Es necesario continuar avanzando en la lucha por la igualdad, una lucha que nuestras jugadoras han liderado con determinaci\u00f3n, llev\u00e1ndonos a la posici\u00f3n en la que nos encontramos hoy.<\/p>\n\n\n\n<p><strong>Hacemos tambi\u00e9n un llamado al Consejo Superior de Deportes&nbsp;<\/strong>para que, dentro de sus competencias, apoye y promueva activamente la prevenci\u00f3n e intervenci\u00f3n ante el acoso o abuso sexual, el machismo y el sexismo.<\/p>\n\n\n\n<p>FUTPRO rechaza cualquier actitud o conducta que vulnere los derechos de las futbolistas y desde el sindicato estamos trabajando para que actos como los que hemos visto nunca queden impunes, sean sancionados y se adopten las medidas pertinentes que protejan a las futbolistas de acciones que creemos son inaceptables.<\/p>\n\n\n\n<h3 class=\"wp-block-heading\">Comunicado de TMJ<\/h3>\n\n\n\n<p>La agencia de representaci\u00f3n de Hermoso, TMJ, tambi\u00e9n emiti\u00f3 un comunicado:<\/p>\n\n\n\n<figure class=\"wp-block-embed is-type-rich is-provider-twitter wp-block-embed-twitter\"><div class=\"wp-block-embed__wrapper\">\n<blockquote class=\"twitter-tweet\" data-width=\"550\" data-dnt=\"true\"><p lang=\"es\" dir=\"ltr\">\ud83d\udcdd Comunicado OFICIAL respecto a los recientes incidentes en la Final del Mundial Femenino que involucran a nuestra TMJ Athlete <a href=\"https:\/\/twitter.com\/Jennihermoso?ref_src=twsrc%5Etfw\">@Jennihermoso<\/a> <br><br>Posturas adicionales se dar\u00e1n a conocer pr\u00f3ximamente <a href=\"https:\/\/t.co\/ZKN4MOrYor\">pic.twitter.com\/ZKN4MOrYor<\/a><\/p>&mdash; TMJ (@mktjersey) <a href=\"https:\/\/twitter.com\/mktjersey\/status\/1694395296141209813?ref_src=twsrc%5Etfw\">August 23, 2023<\/a><\/blockquote><script async src=\"https:\/\/platform.twitter.com\/widgets.js\" charset=\"utf-8\"><\/script>\n<\/div><\/figure>\n\n\n\n<p>En \u00e9l anuncian que se unen a Futpro y en el que anuncian que \u00abposturas adicionales se adoptar\u00e1n pr\u00f3ximamente\u00bb<\/p>\n\n\n\n<p>Fuente: ABC<\/p>\n","protected":false},"excerpt":{"rendered":"<p>Jennifer Hermoso ha roto su silencio sobre la pol\u00e9mica de Luis Rubiales y el beso inapropiado que le propin\u00f3 durante la ceremonia de premiaci\u00f3n del Mundial de f\u00fatbol conquistado por Espa\u00f1a. La jugadora, m\u00e1xima goleadora de la historia de la Selecci\u00f3n femenina, ha delegado en el sindicato Futpro y en su agencia de representaci\u00f3n, TMJ, [&hellip;]<\/p>\n","protected":false},"author":2,"featured_media":121313,"comment_status":"open","ping_status":"open","sticky":false,"template":"","format":"standard","meta":{"footnotes":""},"categories":[7],"tags":[],"class_list":["post-121312","post","type-post","status-publish","format-standard","has-post-thumbnail","hentry","category-deportes"],"_links":{"self":[{"href":"http:\/\/elcuartopoder.com.mx\/nw\/wp-json\/wp\/v2\/posts\/121312","targetHints":{"allow":["GET"]}}],"collection":[{"href":"http:\/\/elcuartopoder.com.mx\/nw\/wp-json\/wp\/v2\/posts"}],"about":[{"href":"http:\/\/elcuartopoder.com.mx\/nw\/wp-json\/wp\/v2\/types\/post"}],"author":[{"embeddable":true,"href":"http:\/\/elcuartopoder.com.mx\/nw\/wp-json\/wp\/v2\/users\/2"}],"replies":[{"embeddable":true,"href":"http:\/\/elcuartopoder.com.mx\/nw\/wp-json\/wp\/v2\/comments?post=121312"}],"version-history":[{"count":1,"href":"http:\/\/elcuartopoder.com.mx\/nw\/wp-json\/wp\/v2\/posts\/121312\/revisions"}],"predecessor-version":[{"id":121314,"href":"http:\/\/elcuartopoder.com.mx\/nw\/wp-json\/wp\/v2\/posts\/121312\/revisions\/121314"}],"wp:featuredmedia":[{"embeddable":true,"href":"http:\/\/elcuartopoder.com.mx\/nw\/wp-json\/wp\/v2\/media\/121313"}],"wp:attachment":[{"href":"http:\/\/elcuartopoder.com.mx\/nw\/wp-json\/wp\/v2\/media?parent=121312"}],"wp:term":[{"taxonomy":"category","embeddable":true,"href":"http:\/\/elcuartopoder.com.mx\/nw\/wp-json\/wp\/v2\/categories?post=121312"},{"taxonomy":"post_tag","embeddable":true,"href":"http:\/\/elcuartopoder.com.mx\/nw\/wp-json\/wp\/v2\/tags?post=121312"}],"curies":[{"name":"wp","href":"https:\/\/api.w.org\/{rel}","templated":true}]}}