{"id":121315,"date":"2023-08-24T16:25:49","date_gmt":"2023-08-24T21:25:49","guid":{"rendered":"http:\/\/elcuartopoder.com.mx\/nw\/?p=121315"},"modified":"2023-08-24T16:25:53","modified_gmt":"2023-08-24T21:25:53","slug":"gobierno-impulsa-a-playa-del-carmen-como-destino-deportivo","status":"publish","type":"post","link":"http:\/\/elcuartopoder.com.mx\/nw\/estatales\/gobierno-impulsa-a-playa-del-carmen-como-destino-deportivo\/","title":{"rendered":"Gobierno impulsa a Playa del Carmen como destino deportivo"},"content":{"rendered":"\n<p>Playa del Carmen, Solidaridad.- \u201cEl gobierno que encabeza Lili Campos fomenta el deporte en este destino y para ello impulsa actividades como \u00e9ste, al tiempo de trabajar en el rescate de los espacios p\u00fablicos\u201d, expres\u00f3 el secretario General del Ayuntamiento Cecilio Puc Sansores durante la rueda de prensa donde se present\u00f3 el Medio Marat\u00f3n Playa del Carmen.<\/p>\n\n\n\n<p>Puc Sansores hizo hincapi\u00e9 en que uno de los ejes prioritarios del gobierno municipal es la recuperaci\u00f3n de los espacios a trav\u00e9s de actividades deportivas, por lo que ofreci\u00f3 todo el respaldo de la presidenta Lili Campos para la organizaci\u00f3n de este evento, y que el \u00e9xito se refleje en una muy buena promoci\u00f3n.<\/p>\n\n\n\n<p>Por su parte, Fabiola Ballesteros, integrantes del Comit\u00e9 Organizador, inform\u00f3 que esta media marat\u00f3n est\u00e1 vinculada con las actividades por el 30 aniversario de Solidaridad. Agreg\u00f3 que es una carrera por la paz y se realizar\u00e1 el domingo 10 de septiembre; la entrega de los kits deportivos ser\u00e1 el s\u00e1bado 9.<\/p>\n\n\n\n<p>\u201cNuestra presidenta Lili Campos quiere hacer de este municipio un lugar seguro, es por ello que queremos apoderarnos de las calles por un bienestar social, sentirnos personas seguras, libres y pac\u00edficas corriendo por Playa del Carmen\u201d asever\u00f3 la organizadora.<\/p>\n\n\n\n<p>Durante la rueda de prensa se present\u00f3 la playera de corredor, medalla y los premios econ\u00f3micos para los primeros tres lugares varonil y femenil. Adem\u00e1s, se present\u00f3 la ruta de 5 km, 10 km y 21 km<\/p>\n","protected":false},"excerpt":{"rendered":"<p>Playa del Carmen, Solidaridad.- \u201cEl gobierno que encabeza Lili Campos fomenta el deporte en este destino y para ello impulsa actividades como \u00e9ste, al tiempo de trabajar en el rescate de los espacios p\u00fablicos\u201d, expres\u00f3 el secretario General del Ayuntamiento Cecilio Puc Sansores durante la rueda de prensa donde se present\u00f3 el Medio Marat\u00f3n Playa [&hellip;]<\/p>\n","protected":false},"author":2,"featured_media":121316,"comment_status":"open","ping_status":"open","sticky":false,"template":"","format":"standard","meta":{"footnotes":""},"categories":[60],"tags":[],"class_list":["post-121315","post","type-post","status-publish","format-standard","has-post-thumbnail","hentry","category-estatales"],"_links":{"self":[{"href":"http:\/\/elcuartopoder.com.mx\/nw\/wp-json\/wp\/v2\/posts\/121315","targetHints":{"allow":["GET"]}}],"collection":[{"href":"http:\/\/elcuartopoder.com.mx\/nw\/wp-json\/wp\/v2\/posts"}],"about":[{"href":"http:\/\/elcuartopoder.com.mx\/nw\/wp-json\/wp\/v2\/types\/post"}],"author":[{"embeddable":true,"href":"http:\/\/elcuartopoder.com.mx\/nw\/wp-json\/wp\/v2\/users\/2"}],"replies":[{"embeddable":true,"href":"http:\/\/elcuartopoder.com.mx\/nw\/wp-json\/wp\/v2\/comments?post=121315"}],"version-history":[{"count":1,"href":"http:\/\/elcuartopoder.com.mx\/nw\/wp-json\/wp\/v2\/posts\/121315\/revisions"}],"predecessor-version":[{"id":121317,"href":"http:\/\/elcuartopoder.com.mx\/nw\/wp-json\/wp\/v2\/posts\/121315\/revisions\/121317"}],"wp:featuredmedia":[{"embeddable":true,"href":"http:\/\/elcuartopoder.com.mx\/nw\/wp-json\/wp\/v2\/media\/121316"}],"wp:attachment":[{"href":"http:\/\/elcuartopoder.com.mx\/nw\/wp-json\/wp\/v2\/media?parent=121315"}],"wp:term":[{"taxonomy":"category","embeddable":true,"href":"http:\/\/elcuartopoder.com.mx\/nw\/wp-json\/wp\/v2\/categories?post=121315"},{"taxonomy":"post_tag","embeddable":true,"href":"http:\/\/elcuartopoder.com.mx\/nw\/wp-json\/wp\/v2\/tags?post=121315"}],"curies":[{"name":"wp","href":"https:\/\/api.w.org\/{rel}","templated":true}]}}