{"id":121321,"date":"2023-08-25T09:07:43","date_gmt":"2023-08-25T14:07:43","guid":{"rendered":"http:\/\/elcuartopoder.com.mx\/nw\/?p=121321"},"modified":"2023-08-25T09:07:47","modified_gmt":"2023-08-25T14:07:47","slug":"tareas-expuestas-a-ser-sustituidas-por-la-inteligencia-artificial","status":"publish","type":"post","link":"http:\/\/elcuartopoder.com.mx\/nw\/destacadas\/tareas-expuestas-a-ser-sustituidas-por-la-inteligencia-artificial\/","title":{"rendered":"Tareas expuestas a ser sustituidas por la Inteligencia Artificial"},"content":{"rendered":"\n<p>La aparici\u00f3n de herramientas de\u00a0Inteligencia Artificial\u00a0ha producido especulaciones por cambios en el mercado laboral. Y aunque algunos empleos est\u00e1n m\u00e1s expuestos a ser sustituidos por estos instrumentos, al mismo tiempo se generar\u00edan nuevas posiciones. De acuerdo con un estudio de la\u00a0<strong>OIT<\/strong>\u00a0(Organizaci\u00f3n Internacional del Trabajo), la Inteligencia Artificial complementar\u00eda el trabajo m\u00e1s que destruirlo.<\/p>\n\n\n\n<figure class=\"wp-block-image size-full\"><img loading=\"lazy\" decoding=\"async\" width=\"864\" height=\"864\" src=\"http:\/\/elcuartopoder.com.mx\/nw\/wp-content\/uploads\/2023\/08\/descarga-17.png\" alt=\"\" class=\"wp-image-121322\" srcset=\"http:\/\/elcuartopoder.com.mx\/nw\/wp-content\/uploads\/2023\/08\/descarga-17.png 864w, http:\/\/elcuartopoder.com.mx\/nw\/wp-content\/uploads\/2023\/08\/descarga-17-300x300.png 300w, http:\/\/elcuartopoder.com.mx\/nw\/wp-content\/uploads\/2023\/08\/descarga-17-150x150.png 150w, http:\/\/elcuartopoder.com.mx\/nw\/wp-content\/uploads\/2023\/08\/descarga-17-768x768.png 768w, http:\/\/elcuartopoder.com.mx\/nw\/wp-content\/uploads\/2023\/08\/descarga-17-696x696.png 696w\" sizes=\"auto, (max-width: 864px) 100vw, 864px\" \/><\/figure>\n\n\n\n<p>\u00abEs probable que el mayor impacto de esta tecnolog\u00eda no sea la destrucci\u00f3n del empleo, sino m\u00e1s bien los cambios potenciales en la calidad de los puestos de trabajo, en particular la intensidad del trabajo y la autonom\u00eda\u00bb, dijo la\u00a0<strong>OIT<\/strong>\u00a0en su reporte Generative AI and Jobs. Algunas de las ocupaciones que est\u00e1n m\u00e1s expuestas a esta sustituci\u00f3n, mientras que las habilidades t\u00e9cnicas, profesionales, gerenciales y hasta operacionales tienen un nivel bajo de exposici\u00f3n.<\/p>\n\n\n\n<p>Fuente: eleconomista<\/p>\n","protected":false},"excerpt":{"rendered":"<p>La aparici\u00f3n de herramientas de\u00a0Inteligencia Artificial\u00a0ha producido especulaciones por cambios en el mercado laboral. Y aunque algunos empleos est\u00e1n m\u00e1s expuestos a ser sustituidos por estos instrumentos, al mismo tiempo se generar\u00edan nuevas posiciones. De acuerdo con un estudio de la\u00a0OIT\u00a0(Organizaci\u00f3n Internacional del Trabajo), la Inteligencia Artificial complementar\u00eda el trabajo m\u00e1s que destruirlo. \u00abEs probable [&hellip;]<\/p>\n","protected":false},"author":2,"featured_media":121323,"comment_status":"open","ping_status":"open","sticky":false,"template":"","format":"standard","meta":{"footnotes":""},"categories":[59],"tags":[],"class_list":["post-121321","post","type-post","status-publish","format-standard","has-post-thumbnail","hentry","category-destacadas"],"_links":{"self":[{"href":"http:\/\/elcuartopoder.com.mx\/nw\/wp-json\/wp\/v2\/posts\/121321","targetHints":{"allow":["GET"]}}],"collection":[{"href":"http:\/\/elcuartopoder.com.mx\/nw\/wp-json\/wp\/v2\/posts"}],"about":[{"href":"http:\/\/elcuartopoder.com.mx\/nw\/wp-json\/wp\/v2\/types\/post"}],"author":[{"embeddable":true,"href":"http:\/\/elcuartopoder.com.mx\/nw\/wp-json\/wp\/v2\/users\/2"}],"replies":[{"embeddable":true,"href":"http:\/\/elcuartopoder.com.mx\/nw\/wp-json\/wp\/v2\/comments?post=121321"}],"version-history":[{"count":1,"href":"http:\/\/elcuartopoder.com.mx\/nw\/wp-json\/wp\/v2\/posts\/121321\/revisions"}],"predecessor-version":[{"id":121324,"href":"http:\/\/elcuartopoder.com.mx\/nw\/wp-json\/wp\/v2\/posts\/121321\/revisions\/121324"}],"wp:featuredmedia":[{"embeddable":true,"href":"http:\/\/elcuartopoder.com.mx\/nw\/wp-json\/wp\/v2\/media\/121323"}],"wp:attachment":[{"href":"http:\/\/elcuartopoder.com.mx\/nw\/wp-json\/wp\/v2\/media?parent=121321"}],"wp:term":[{"taxonomy":"category","embeddable":true,"href":"http:\/\/elcuartopoder.com.mx\/nw\/wp-json\/wp\/v2\/categories?post=121321"},{"taxonomy":"post_tag","embeddable":true,"href":"http:\/\/elcuartopoder.com.mx\/nw\/wp-json\/wp\/v2\/tags?post=121321"}],"curies":[{"name":"wp","href":"https:\/\/api.w.org\/{rel}","templated":true}]}}