{"id":121325,"date":"2023-08-25T09:28:33","date_gmt":"2023-08-25T14:28:33","guid":{"rendered":"http:\/\/elcuartopoder.com.mx\/nw\/?p=121325"},"modified":"2023-08-25T09:28:37","modified_gmt":"2023-08-25T14:28:37","slug":"vuelve-la-mascarilla-a-los-hospitales-ante-el-aumento-de-infecciones-por-eris-el-nuevo-rostro-del-covid","status":"publish","type":"post","link":"http:\/\/elcuartopoder.com.mx\/nw\/entretenimiento\/salud\/vuelve-la-mascarilla-a-los-hospitales-ante-el-aumento-de-infecciones-por-eris-el-nuevo-rostro-del-covid\/","title":{"rendered":"Vuelve la mascarilla a los hospitales ante el aumento de infecciones por &#8216;Eris&#8217;, el nuevo rostro del Covid"},"content":{"rendered":"\n<p>Las autoridades sanitarias mundiales dieron carpetazo a la pesadilla del\u00a0<strong>Covid-19<\/strong>\u00a0a comienzos del pasado mes de mayo declarando el fin de la emergencia internacional tras m\u00e1s de tres a\u00f1os de impacto pand\u00e9mico con 765 millones de diagn\u00f3sticos y unos<strong>\u00a020 millones de muertes en el mundo<\/strong>, seg\u00fan estimaciones de la OMS. Apenas cuatro meses despu\u00e9s, un sublinaje de una nueva subvariante de<strong>\u00a0\u00d3micron<\/strong>,\u00a0<strong>(EG5)<\/strong>\u00a0apodado extraoficialmente como\u00a0<strong>&#8216;Eris&#8217;<\/strong>, vuelve a prender la luz de alerta en aquellos pa\u00edses, entre ellos Espa\u00f1a, donde las cifras de infecciones han aumentado notablemente en las \u00faltimas semanas, lo que ha obligado a la vuelta a las\u00a0mascarillas\u00a0en algunos hospitales.<\/p>\n\n\n\n<p>En&nbsp;<strong>Catalu\u00f1a y en la Comunidad Valenciana<\/strong>&nbsp;los contagios han crecido exponencialmente desde junio, alcanzado cifras comparables a las peores marcas de 2022, y algunos hospitales recomiendan ya oficialmente el uso de esta protecci\u00f3n en las zonas con pacientes m\u00e1s sensibles y tambi\u00e9n a los visitantes. Lo hacen como cortafuegos ante una nueva ola pand\u00e9mica que, aunque no \u00abes motivo de alarma para la poblaci\u00f3n debido a la sintomatolog\u00eda leve que causa, s\u00ed puede impactar en las personas m\u00e1s vulnerables\u00bb, advierten los expertos.<\/p>\n\n\n\n<p>Epidemi\u00f3logos consultados por ABC llaman a la calma y aseguran que el impacto de esta nueva modalidad del virus en la salud es leve, pero piden extremar la prudencia y ven bien la recomendaci\u00f3n de algunos centros sanitarios de recuperar la mascarilla para evitar la propagaci\u00f3n de los contagios. En el\u00a0<strong>Cl\u00ednic<\/strong>\u00a0de Barcelona, uno de los de referencia de Catalu\u00f1a, el uso de la prenda es &#8216;recomendable&#8217; desde el pasado viernes para los visitantes en las \u00e1reas de urgencias, en la UCI y tambi\u00e9n para aquellos profesionales del centro que han estado en contacto con alg\u00fan familiar que haya contra\u00eddo la infecci\u00f3n, seg\u00fan se\u00f1alan a este diario fuentes del hospital. \u00ab<strong>Es una recomendaci\u00f3n<\/strong>\u00a0no una obligaci\u00f3n, y hemos llegado a ella tras consultarlo con el departamento de Salud de la Generalitat\u00bb, a\u00f1aden los citados portavoces.<\/p>\n\n\n\n<p>En Catalu\u00f1a, la incidencia de esta nueva cara del virus empez\u00f3 a acusarse en agosto. A comienzos de mes las cifras de contagios y de ingresos hospitalarios por Covid acumulaban en esta comunidad cuatro semanas de crecimiento y se situaban en niveles registrados en invierno. Seg\u00fan las cifras centralizadas por el departamento de Salud de la Generalitat, consultadas por este diario, entre la semana del 24 al 30 de julio se diagnosticaron en Catalu\u00f1a un total de&nbsp;<strong>4.644 casos<\/strong>&nbsp;y entre el 7 y el 13 de agosto ascendieron hasta casi&nbsp;<strong>6.000<\/strong>&nbsp;(5.961), alcanzando as\u00ed el dato semanal m\u00e1s elevado desde mediados de diciembre del a\u00f1o pasado.<\/p>\n\n\n\n<p>La cifra de personas con\u00a0Covid-19\u00a0ingresadas en camas convencionales sigui\u00f3 esta \u00faltima semana en tendencia ascendente con\u00a0<strong>453 hospitalizaciones<\/strong>, 13 m\u00e1s que en la semana anterior. Por lo que respecta a UCIs, la situaci\u00f3n no es preocupante (la cifra se mantiene en 13 desde hace semanas) pese a que la mayor\u00eda de afectados son personas mayores con patolog\u00eda asociada y \u00abm\u00e1s propensas a descompensaciones de patolog\u00edas basales\u00bb, seg\u00fan indican a ABC fuentes del departamento de Salud.<\/p>\n\n\n\n<h3 class=\"wp-block-heading\">\u00abNo hay motivos de preocupaci\u00f3n\u00bb<\/h3>\n\n\n\n<p>Las mismas fuentes precisan tambi\u00e9n que &#8216;Eris&#8217; \u00abno es una variante del virus sino un sublinaje de&nbsp;<strong>una subvariante (XBB.1)<\/strong>&nbsp;de la variante&nbsp;<strong>\u00d3micron\u00ab&nbsp;<\/strong>y que \u00abno hay motivos de preocupaci\u00f3n ni de alarma por la actual situaci\u00f3n del Covid\u00bb.<\/p>\n\n\n\n<p>Recuerdan, asimismo, que cuando se suprimi\u00f3 el uso de la mascarilla, el departamento ya extendi\u00f3 a los centros catalanes unas recomendaciones de uso del cubrebocas en las zonas con pacientes m\u00e1s vulnerables como las urgencias y las UCIs. \u00abLo que ha hecho ahora el Hospital Cl\u00ednic como centro sanitario es incidir en una recomendaci\u00f3n que ya era vigente\u00bb, apuntan. Sin embargo, pese a serlo, ning\u00fan centro hasta ahora la hab\u00eda activado de una forma tan contundente.<\/p>\n\n\n\n<p>El epidemi\u00f3logo&nbsp;<strong>Antoni Trilla<\/strong>, del Servicio de Medicina Preventiva y Epidemiolog\u00eda del Hospital Cl\u00ednic, asegura en declaraciones a este diario que no hay motivos de alarma para la poblaci\u00f3n por el actual aumento de casos de Covid, aunque recuerda que \u00abtal como ya ha precisado la OMS al declararla variante de inter\u00e9s, hay que estar muy atentos a ella\u00bb. \u00abLa clave es estar vigilantes ante esta nueva situaci\u00f3n epidemiol\u00f3gica\u00bb, precisa el experto.<\/p>\n\n\n\n<p>Recuerda que pese al aumento de casos, que \u00abprobablemente ir\u00e1 a m\u00e1s en los pr\u00f3ximos d\u00edas, en los que &#8216;Eris&#8217; ganar\u00e1 terreno entre los virus circulantes, no debemos olvidar que la cifra de contagios es bastante inferior a la registrada en las mismas fechas del a\u00f1o pasado\u00bb. Trilla aprueba el uso de mascarillas para proteger a la poblaci\u00f3n m\u00e1s vulnerable y recuerda que la vuelta a esta medida de protecci\u00f3n era \u00ab<strong>una opci\u00f3n que ten\u00edan los centros<\/strong>&nbsp;si variaba la situaci\u00f3n epidemiol\u00f3gica\u00bb.<\/p>\n\n\n\n<p>Desde el&nbsp;<strong>Hospital de Sant Pau<\/strong>&nbsp;de Barcelona indican a este diario que, en base a las recomendaciones generales que extendi\u00f3 a los centros la Generalitat, desde el pasado 5 de julio en que el Gobierno decret\u00f3 el fin de la emergencia por Covid-19 , el uso de la mascarilla es recomendable en algunas \u00e1reas en las que se atiende a pacientes vulnerables como el Servicio de Urgencias, las \u00e1reas de Hemato-oncolog\u00eda, Neumolog\u00eda y Enfermedades Infecciosas, Pediatr\u00eda, o las \u00e1reas de Cr\u00edticos, entre otras.<\/p>\n\n\n\n<p>En la Comunidad Valenciana, donde los contagios se duplicaron desde junio, algunos hospitales como el\u00a0<strong>Doctor Peset<\/strong>\u00a0han acordado \u00abcomo medida temporal\u00bb el uso de cubrebocas en los servicios m\u00e1s sensibles a la infecci\u00f3n (Urgencias, UCIs, Oncologia, Reanimaci\u00f3n). La medida la adopt\u00f3 la direcci\u00f3n del hospital hace una semana y ahora se suma el\u00a0<strong>Hospital General de Valencia<\/strong>. La consejer\u00eda valenciana subrayan que pese a estas medidas preventivas el aumento de las infecciones no es preocupante.<\/p>\n\n\n\n<p>Febr\u00edcula, cefalea o mal estado general son algunos s\u00edntomas que aparecen con esta nueva subvariante de la infecci\u00f3n. Los especialistas recomiendan que ante la aparici\u00f3n de cuadros con esta sintomatolog\u00eda se practique un&nbsp;<strong>test de ant\u00edgenos<\/strong>, para \u00abevitar propagar la enfermedad\u00bb. Seg\u00fan datos facilitados por Iqvia -multinacional estadounidense que presta servicios para las industrias de tecnolog\u00eda de informaci\u00f3n de salud e investigaci\u00f3n cl\u00ednica-, la venta de test de ant\u00edgenos en farmacias se ha disparado en algunas comunidades como Cantabria y Navarra donde ha aumentado<strong>&nbsp;por encima de un 600 por ciento<\/strong>. En la Comunidad Valenciana y Catalu\u00f1a las ventas de test han aumentado un 286 y un 215 por ciento respectivamente.<\/p>\n\n\n\n<p>Pese a que la vuelta a la mascarilla es una medida preventiva de car\u00e1cter opcional, la&nbsp;<strong>OMS<\/strong>&nbsp;ha declarado la nueva subvariante como como una variante de inter\u00e9s, y est\u00e1 solicitando a los pa\u00edses que refuercen la vigilancia a medida que los casos crecen a nivel mundial.<\/p>\n","protected":false},"excerpt":{"rendered":"<p>Las autoridades sanitarias mundiales dieron carpetazo a la pesadilla del\u00a0Covid-19\u00a0a comienzos del pasado mes de mayo declarando el fin de la emergencia internacional tras m\u00e1s de tres a\u00f1os de impacto pand\u00e9mico con 765 millones de diagn\u00f3sticos y unos\u00a020 millones de muertes en el mundo, seg\u00fan estimaciones de la OMS. Apenas cuatro meses despu\u00e9s, un sublinaje [&hellip;]<\/p>\n","protected":false},"author":2,"featured_media":121326,"comment_status":"open","ping_status":"open","sticky":false,"template":"","format":"standard","meta":{"footnotes":""},"categories":[56],"tags":[],"class_list":["post-121325","post","type-post","status-publish","format-standard","has-post-thumbnail","hentry","category-salud"],"_links":{"self":[{"href":"http:\/\/elcuartopoder.com.mx\/nw\/wp-json\/wp\/v2\/posts\/121325","targetHints":{"allow":["GET"]}}],"collection":[{"href":"http:\/\/elcuartopoder.com.mx\/nw\/wp-json\/wp\/v2\/posts"}],"about":[{"href":"http:\/\/elcuartopoder.com.mx\/nw\/wp-json\/wp\/v2\/types\/post"}],"author":[{"embeddable":true,"href":"http:\/\/elcuartopoder.com.mx\/nw\/wp-json\/wp\/v2\/users\/2"}],"replies":[{"embeddable":true,"href":"http:\/\/elcuartopoder.com.mx\/nw\/wp-json\/wp\/v2\/comments?post=121325"}],"version-history":[{"count":1,"href":"http:\/\/elcuartopoder.com.mx\/nw\/wp-json\/wp\/v2\/posts\/121325\/revisions"}],"predecessor-version":[{"id":121327,"href":"http:\/\/elcuartopoder.com.mx\/nw\/wp-json\/wp\/v2\/posts\/121325\/revisions\/121327"}],"wp:featuredmedia":[{"embeddable":true,"href":"http:\/\/elcuartopoder.com.mx\/nw\/wp-json\/wp\/v2\/media\/121326"}],"wp:attachment":[{"href":"http:\/\/elcuartopoder.com.mx\/nw\/wp-json\/wp\/v2\/media?parent=121325"}],"wp:term":[{"taxonomy":"category","embeddable":true,"href":"http:\/\/elcuartopoder.com.mx\/nw\/wp-json\/wp\/v2\/categories?post=121325"},{"taxonomy":"post_tag","embeddable":true,"href":"http:\/\/elcuartopoder.com.mx\/nw\/wp-json\/wp\/v2\/tags?post=121325"}],"curies":[{"name":"wp","href":"https:\/\/api.w.org\/{rel}","templated":true}]}}