{"id":121396,"date":"2023-08-27T08:56:20","date_gmt":"2023-08-27T13:56:20","guid":{"rendered":"http:\/\/elcuartopoder.com.mx\/nw\/?p=121396"},"modified":"2023-08-27T08:56:21","modified_gmt":"2023-08-27T13:56:21","slug":"inseguridad-el-autocuidado-clave-para-prevenir-y-regresar-a-salvo","status":"publish","type":"post","link":"http:\/\/elcuartopoder.com.mx\/nw\/destacadas\/inseguridad-el-autocuidado-clave-para-prevenir-y-regresar-a-salvo\/","title":{"rendered":"Inseguridad: El autocuidado, clave para prevenir y regresar a salvo"},"content":{"rendered":"\n<p class=\"wp-block-paragraph\">Es muy dif\u00edcil hacer consciencia, sobre todo, cuando estamos m\u00e1s j\u00f3venes y creemos que nos podemos comer el mundo. No se si haya sucedido siempre o ahora lo vemos m\u00e1s por el acceso a los medios y redes sociales, no obstante, hoy la inseguridad es una realidad, est\u00e1 m\u00e1s cerca que nunca y tambi\u00e9n se encuentra vinculada con la vida nocturna.<\/p>\n\n\n\n<p class=\"wp-block-paragraph\">A todos nos gusta salir a divertirnos. Pero como dir\u00edan \u00abya no es lo mismo\u00bb. Tenemos que estar atentos, no s\u00f3lo en los antros y a altas horas de la noche, sino en cualquier lugar y a cualquier hora. Conozco casos donde la<strong>&nbsp;\u00abcanasteada\u00bb<\/strong>&nbsp;fue en restaurantes y por la tarde.<\/p>\n\n\n\n<p class=\"wp-block-paragraph\">De acuerdo con el<strong>&nbsp;Consejo Ciudadano de la Ciudad de M\u00e9xico<\/strong>&nbsp;se han identificado desde 2019 a la fecha, 64 casos de canasteo, estando el Estado de M\u00e9xico en primer lugar con el 45 por ciento de los reportes. Esto, sin contar aquellos que no se denuncian. El 66 por ciento de las v\u00edctimas fueron mujeres, entre 21 y 35 a\u00f1os y casi la mitad de las veces ocurri\u00f3 en un lugar privado -casa de un conocido, fiesta privada- y, la otra mitad, en un lugar p\u00fablico -bar, restaurante-.<\/p>\n\n\n\n<p class=\"wp-block-paragraph\">No s\u00f3lo se trata del canasteo con fines sexuales o para robo, sino tambi\u00e9n el involucramiento del crimen organizado. Por ejemplo, en Mexicali se tiene registro, en los recientes meses, de la desaparici\u00f3n en antros de por lo menos 16 personas.<\/p>\n\n\n\n<p class=\"wp-block-paragraph\">De acuerdo con el Presidente del Consejo, Dr. Salvador Guerrero, existen cuatro elementos que debemos reforzar:<\/p>\n\n\n\n<p class=\"wp-block-paragraph\">1. La responsabilidad empresarial: los due\u00f1os deben conocer lo que est\u00e1 sucediendo en sus locales;<\/p>\n\n\n\n<p class=\"wp-block-paragraph\">2. Adeucada supervisi\u00f3n de las autoridades;<\/p>\n\n\n\n<p class=\"wp-block-paragraph\">3. El esp\u00edritu solidario y comunitario de las personas; y,<\/p>\n\n\n\n<p class=\"wp-block-paragraph\">4. El autocuidado.<\/p>\n\n\n\n<p class=\"wp-block-paragraph\">Hago \u00e9nfasis en las \u00fatimas dos. Debemos regresar al cuidado y amor al pr\u00f3jimo. Que no nos de pena preguntar y ayudar. Podemos hacer la diferencia, entre la vida y la muerte, con s\u00f3lo interesarnos y auxiliar.<\/p>\n\n\n\n<p class=\"wp-block-paragraph\">Finalmente, si consideramos que el riesgo se puede reducir casi totalmente, aplicando a raja tabla el: \u00abCu\u00eddate t\u00fa\u00bb, aqu\u00ed les dejo parte del dec\u00e1logo de autocuidado que elabor\u00f3 el Consejo y que ser\u00eda importante que lo leamos, de manera seria, con nuestras ni\u00f1as, ni\u00f1os y adolescentes:<\/p>\n\n\n\n<p class=\"wp-block-paragraph\">Planea tu salida: comparte a d\u00f3nde vas, lleguen juntos y regresen igual; cuida tu bebida y no aceptes tragos de cortes\u00eda; observa tu entorno, si alguien est\u00e1 insistente, rep\u00f3rtalo; usa taxi seguro o, m\u00e1s vale rega\u00f1anda, h\u00e1blale a tus pap\u00e1s; aguas con el After: no te vayas con personas que acabas de conocer; ligue seguro: no hables de tu vida privada con reci\u00e9n conocidos; consume responsablemente: di no a los retos, si tambaleas, es momento de regresar a casa; y, \u00a1nunca te quedes s\u00f3lo o dejes s\u00f3lo a alguien cuando vayan de antro!<\/p>\n\n\n\n<p class=\"wp-block-paragraph\">De verdad, estamos en una situaci\u00f3n de emergencia. Debemos exagerar en el cuidado, se trata nuestra vida y la de nuestros seres queridos. As\u00ed que \u00a1mucho ojo!<\/p>\n\n\n\n<p class=\"wp-block-paragraph\">POR JOS\u00c9 LUIS AYOUB<\/p>\n","protected":false},"excerpt":{"rendered":"<p>Es muy dif\u00edcil hacer consciencia, sobre todo, cuando estamos m\u00e1s j\u00f3venes y creemos que nos podemos comer el mundo. No se si haya sucedido siempre o ahora lo vemos m\u00e1s por el acceso a los medios y redes sociales, no obstante, hoy la inseguridad es una realidad, est\u00e1 m\u00e1s cerca que nunca y tambi\u00e9n se [&hellip;]<\/p>\n","protected":false},"author":2,"featured_media":121397,"comment_status":"open","ping_status":"open","sticky":false,"template":"","format":"standard","meta":{"footnotes":""},"categories":[59],"tags":[],"class_list":["post-121396","post","type-post","status-publish","format-standard","has-post-thumbnail","hentry","category-destacadas"],"_links":{"self":[{"href":"http:\/\/elcuartopoder.com.mx\/nw\/wp-json\/wp\/v2\/posts\/121396","targetHints":{"allow":["GET"]}}],"collection":[{"href":"http:\/\/elcuartopoder.com.mx\/nw\/wp-json\/wp\/v2\/posts"}],"about":[{"href":"http:\/\/elcuartopoder.com.mx\/nw\/wp-json\/wp\/v2\/types\/post"}],"author":[{"embeddable":true,"href":"http:\/\/elcuartopoder.com.mx\/nw\/wp-json\/wp\/v2\/users\/2"}],"replies":[{"embeddable":true,"href":"http:\/\/elcuartopoder.com.mx\/nw\/wp-json\/wp\/v2\/comments?post=121396"}],"version-history":[{"count":1,"href":"http:\/\/elcuartopoder.com.mx\/nw\/wp-json\/wp\/v2\/posts\/121396\/revisions"}],"predecessor-version":[{"id":121398,"href":"http:\/\/elcuartopoder.com.mx\/nw\/wp-json\/wp\/v2\/posts\/121396\/revisions\/121398"}],"wp:featuredmedia":[{"embeddable":true,"href":"http:\/\/elcuartopoder.com.mx\/nw\/wp-json\/wp\/v2\/media\/121397"}],"wp:attachment":[{"href":"http:\/\/elcuartopoder.com.mx\/nw\/wp-json\/wp\/v2\/media?parent=121396"}],"wp:term":[{"taxonomy":"category","embeddable":true,"href":"http:\/\/elcuartopoder.com.mx\/nw\/wp-json\/wp\/v2\/categories?post=121396"},{"taxonomy":"post_tag","embeddable":true,"href":"http:\/\/elcuartopoder.com.mx\/nw\/wp-json\/wp\/v2\/tags?post=121396"}],"curies":[{"name":"wp","href":"https:\/\/api.w.org\/{rel}","templated":true}]}}