{"id":121878,"date":"2023-09-11T16:37:22","date_gmt":"2023-09-11T21:37:22","guid":{"rendered":"http:\/\/elcuartopoder.com.mx\/nw\/?p=121878"},"modified":"2023-09-11T16:37:23","modified_gmt":"2023-09-11T21:37:23","slug":"preocupacion-por-celine-dion-su-extrana-enfermedad-hace-peligrar-su-voz","status":"publish","type":"post","link":"http:\/\/elcuartopoder.com.mx\/nw\/entretenimiento\/espectaculos\/preocupacion-por-celine-dion-su-extrana-enfermedad-hace-peligrar-su-voz\/","title":{"rendered":"Preocupaci\u00f3n por C\u00e9line Dion: su extra\u00f1a enfermedad hace peligrar su voz"},"content":{"rendered":"\n<p class=\"wp-block-paragraph\">Los problemas de\u00a0salud de C\u00e9line Dion\u00a0no son algo que se pueda ocultar, la propia cantante era la encargada de compartir hace unos meses la noticia con sus seguidores: \u00ab<strong>Sufro espasmos musculares persistentes<\/strong>\u00a0que me impiden realizar mi trabajo\u00bb. Tras estas palabras a\u00a0la artista\u00a0no le qued\u00f3 m\u00e1s remedio que, a trav\u00e9s de un comunicado, cancelar todas sus actuaciones.<\/p>\n\n\n\n<p class=\"wp-block-paragraph\">\u00abTen\u00eda muchas esperanzas de que ya estar\u00eda lista, pero supongo que\u00a0<strong>debo ser m\u00e1s paciente y seguir el r\u00e9gimen que me prescriben los m\u00e9dicos<\/strong>. Hay mucha organizaci\u00f3n y preparaci\u00f3n en nuestros espect\u00e1culos, por lo que tenemos que tomar decisiones que afectar\u00e1n los planes dentro de dos meses. Estar\u00e9 muy contenta de volver a estar completamente sana, as\u00ed como de que todos superemos esta pandemia, y no puedo esperar a volver al escenario nuevamente. Mientras tanto, me han emocionado todas las palabras de aliento que me han estado enviando en las redes sociales.\u00a0<strong>Siento su amor y apoyo y significa el mundo para m\u00ed<\/strong>\u00bb dec\u00eda la cantante.<\/p>\n\n\n\n<p class=\"wp-block-paragraph\">No es la primera vez que la cantante se ve obligada a cancelar sus actuaciones. Su hermana Claudette aseguraba en &#8216;Paris Match&#8217; que Dion trabajaba muy duro para subirse a los escenarios y por tanto, la cancelaci\u00f3n de los espect\u00e1culos supon\u00eda una gran decepci\u00f3n para C\u00e9line. \u00abSiempre le pasa lo mismo, es terriblemente exigente con ella misma y su cuerpo ha dicho &#8216;basta&#8217;\u00bb.<\/p>\n\n\n\n<p class=\"wp-block-paragraph\">En los \u00faltimos d\u00edas, su familia ha declarado que no encuentran un medicamento que ayude a aliviar el dolor provocado por la enfermedad del s\u00edndrome de la persona r\u00edgida que padece la artista y este hecho les tiene muy preocupados, ya que est\u00e1 siendo uno de los momentos m\u00e1s dif\u00edciles en su vida desde que falleci\u00f3 su esposo Ren\u00e9 Ang\u00e9lil en 2016 a causa de un c\u00e1ncer.<\/p>\n\n\n\n<p class=\"wp-block-paragraph\">Su hermana Claudette sigue confiando en todo el equipo m\u00e9dico que rodea a C\u00e9line Dion: \u00abLe enviamos a nuestra hermana peque\u00f1a todo nuestro cari\u00f1o, y ella conf\u00eda, al igual que yo, en que\u00a0<strong>es capaz de superar este calvario<\/strong>\u00ab, confesaba. \u00bbSabemos que su enfermedad es especialmente dif\u00edcil de tratar, pero est\u00e1\u00a0<strong>rodeada de un gran equipo de especialistas y est\u00e1 trabajando duro para ello<\/strong>. Tengo plena confianza en el equipo m\u00e9dico, mi hermana peque\u00f1a es incre\u00edblemente fuerte y lo est\u00e1 haciendo bien\u00ab, afirmaba Claudette.<\/p>\n\n\n\n<p class=\"wp-block-paragraph\">Fuente: ABC<\/p>\n","protected":false},"excerpt":{"rendered":"<p>Los problemas de\u00a0salud de C\u00e9line Dion\u00a0no son algo que se pueda ocultar, la propia cantante era la encargada de compartir hace unos meses la noticia con sus seguidores: \u00abSufro espasmos musculares persistentes\u00a0que me impiden realizar mi trabajo\u00bb. Tras estas palabras a\u00a0la artista\u00a0no le qued\u00f3 m\u00e1s remedio que, a trav\u00e9s de un comunicado, cancelar todas sus [&hellip;]<\/p>\n","protected":false},"author":2,"featured_media":121879,"comment_status":"open","ping_status":"open","sticky":false,"template":"","format":"standard","meta":{"footnotes":""},"categories":[11],"tags":[],"class_list":["post-121878","post","type-post","status-publish","format-standard","has-post-thumbnail","hentry","category-espectaculos"],"_links":{"self":[{"href":"http:\/\/elcuartopoder.com.mx\/nw\/wp-json\/wp\/v2\/posts\/121878","targetHints":{"allow":["GET"]}}],"collection":[{"href":"http:\/\/elcuartopoder.com.mx\/nw\/wp-json\/wp\/v2\/posts"}],"about":[{"href":"http:\/\/elcuartopoder.com.mx\/nw\/wp-json\/wp\/v2\/types\/post"}],"author":[{"embeddable":true,"href":"http:\/\/elcuartopoder.com.mx\/nw\/wp-json\/wp\/v2\/users\/2"}],"replies":[{"embeddable":true,"href":"http:\/\/elcuartopoder.com.mx\/nw\/wp-json\/wp\/v2\/comments?post=121878"}],"version-history":[{"count":1,"href":"http:\/\/elcuartopoder.com.mx\/nw\/wp-json\/wp\/v2\/posts\/121878\/revisions"}],"predecessor-version":[{"id":121880,"href":"http:\/\/elcuartopoder.com.mx\/nw\/wp-json\/wp\/v2\/posts\/121878\/revisions\/121880"}],"wp:featuredmedia":[{"embeddable":true,"href":"http:\/\/elcuartopoder.com.mx\/nw\/wp-json\/wp\/v2\/media\/121879"}],"wp:attachment":[{"href":"http:\/\/elcuartopoder.com.mx\/nw\/wp-json\/wp\/v2\/media?parent=121878"}],"wp:term":[{"taxonomy":"category","embeddable":true,"href":"http:\/\/elcuartopoder.com.mx\/nw\/wp-json\/wp\/v2\/categories?post=121878"},{"taxonomy":"post_tag","embeddable":true,"href":"http:\/\/elcuartopoder.com.mx\/nw\/wp-json\/wp\/v2\/tags?post=121878"}],"curies":[{"name":"wp","href":"https:\/\/api.w.org\/{rel}","templated":true}]}}