{"id":121886,"date":"2023-09-12T09:08:12","date_gmt":"2023-09-12T14:08:12","guid":{"rendered":"http:\/\/elcuartopoder.com.mx\/nw\/?p=121886"},"modified":"2023-09-12T09:08:16","modified_gmt":"2023-09-12T14:08:16","slug":"rescatan-a-cuatro-iranies-y-dos-ecuatorianos-en-predio-de-vc","status":"publish","type":"post","link":"http:\/\/elcuartopoder.com.mx\/nw\/policiacas\/rescatan-a-cuatro-iranies-y-dos-ecuatorianos-en-predio-de-vc\/","title":{"rendered":"Rescatan a cuatro iran\u00edes y dos ecuatorianos en predio de VC"},"content":{"rendered":"\n<p class=\"wp-block-paragraph\">El secretario de Seguridad Ciudadana, Pablo V\u00e1zquez Camacho, inform\u00f3 que en atenci\u00f3n a una solicitud de apoyo por la Embajada de Ir\u00e1n en Mexico, elementos de la corporaci\u00f3n rescataron a cuatro personas de nacionalidad iran\u00ed y dos ecuatorianos, que estaban privados de su libertad en un predio ubicado en la colonia Aviaci\u00f3n Civil, en la alcald\u00eda Venustiano Carranza, donde se detuvo a cinco mujeres y un hombre, presuntamente vinculados con el delito de secuestro y extorsi\u00f3n.<\/p>\n\n\n\n<p class=\"wp-block-paragraph\">La Embajada de la Rep\u00fablica Isl\u00e1mica de Ir\u00e1n en M\u00e9xico refiri\u00f3 que al menos tres personas de dicha nacionalidad fueron privadas de su libertad, pagando una suma de dinero por su rescate, sin que fueran liberadas.<\/p>\n\n\n\n<p class=\"wp-block-paragraph\">Tras realizar trabajos de investigaci\u00f3n de gabinete y campo, se ubic\u00f3 un domicilio en la calle Carlos Lindbergh, probablemente utilizado como casa de seguridad, donde se llev\u00f3 a cabo el despliegue operativo, en el que se actu\u00f3 en estricto apego a los protocolos de actuaci\u00f3n policial, uso de fuerza y respeto a los derechos humanos, indic\u00f3 la dependencia.<\/p>\n\n\n\n<p class=\"wp-block-paragraph\">Resultado de dicha acci\u00f3n fueron detenidas tres mujeres y un hombre que dijeron ser ciudadanos venezolanos, quienes, al parecer se encargaban de cuidar y alimentar a las v\u00edctimas; adem\u00e1s de dos mujeres mexicanas, propietarias del inmueble.<\/p>\n\n\n\n<p class=\"wp-block-paragraph\">Los seis detenidos fueron informados de sus derechos de ley y, junto con siete tel\u00e9fonos celulares y documentaci\u00f3n diversa hallada en el sitio, quedaron a disposici\u00f3n del agente del Ministerio P\u00fablico correspondiente quien continuar\u00e1 con las investigaciones del caso y definir\u00e1 su situaci\u00f3n jur\u00eddica.<\/p>\n\n\n\n<p class=\"wp-block-paragraph\">Mientras, las personas rescatadas fueron resguardadas y presentadas ante las autoridades para recibir apoyo legal, psicol\u00f3gico y continuar con la integraci\u00f3n de la carpeta de investigaci\u00f3n, indic\u00f3 la SSC.<\/p>\n\n\n\n<p class=\"wp-block-paragraph\">Fuente: jornada<\/p>\n","protected":false},"excerpt":{"rendered":"<p>El secretario de Seguridad Ciudadana, Pablo V\u00e1zquez Camacho, inform\u00f3 que en atenci\u00f3n a una solicitud de apoyo por la Embajada de Ir\u00e1n en Mexico, elementos de la corporaci\u00f3n rescataron a cuatro personas de nacionalidad iran\u00ed y dos ecuatorianos, que estaban privados de su libertad en un predio ubicado en la colonia Aviaci\u00f3n Civil, en la [&hellip;]<\/p>\n","protected":false},"author":2,"featured_media":121887,"comment_status":"open","ping_status":"open","sticky":false,"template":"","format":"standard","meta":{"footnotes":""},"categories":[23],"tags":[],"class_list":["post-121886","post","type-post","status-publish","format-standard","has-post-thumbnail","hentry","category-policiacas"],"_links":{"self":[{"href":"http:\/\/elcuartopoder.com.mx\/nw\/wp-json\/wp\/v2\/posts\/121886","targetHints":{"allow":["GET"]}}],"collection":[{"href":"http:\/\/elcuartopoder.com.mx\/nw\/wp-json\/wp\/v2\/posts"}],"about":[{"href":"http:\/\/elcuartopoder.com.mx\/nw\/wp-json\/wp\/v2\/types\/post"}],"author":[{"embeddable":true,"href":"http:\/\/elcuartopoder.com.mx\/nw\/wp-json\/wp\/v2\/users\/2"}],"replies":[{"embeddable":true,"href":"http:\/\/elcuartopoder.com.mx\/nw\/wp-json\/wp\/v2\/comments?post=121886"}],"version-history":[{"count":1,"href":"http:\/\/elcuartopoder.com.mx\/nw\/wp-json\/wp\/v2\/posts\/121886\/revisions"}],"predecessor-version":[{"id":121888,"href":"http:\/\/elcuartopoder.com.mx\/nw\/wp-json\/wp\/v2\/posts\/121886\/revisions\/121888"}],"wp:featuredmedia":[{"embeddable":true,"href":"http:\/\/elcuartopoder.com.mx\/nw\/wp-json\/wp\/v2\/media\/121887"}],"wp:attachment":[{"href":"http:\/\/elcuartopoder.com.mx\/nw\/wp-json\/wp\/v2\/media?parent=121886"}],"wp:term":[{"taxonomy":"category","embeddable":true,"href":"http:\/\/elcuartopoder.com.mx\/nw\/wp-json\/wp\/v2\/categories?post=121886"},{"taxonomy":"post_tag","embeddable":true,"href":"http:\/\/elcuartopoder.com.mx\/nw\/wp-json\/wp\/v2\/tags?post=121886"}],"curies":[{"name":"wp","href":"https:\/\/api.w.org\/{rel}","templated":true}]}}