{"id":121892,"date":"2023-09-12T09:40:23","date_gmt":"2023-09-12T14:40:23","guid":{"rendered":"http:\/\/elcuartopoder.com.mx\/nw\/?p=121892"},"modified":"2023-09-12T09:40:27","modified_gmt":"2023-09-12T14:40:27","slug":"divisiones-priistas","status":"publish","type":"post","link":"http:\/\/elcuartopoder.com.mx\/nw\/opinion\/divisiones-priistas\/","title":{"rendered":"\u00bfDivisiones priistas?"},"content":{"rendered":"\n<p class=\"wp-block-paragraph\">Tres meses despu\u00e9s de su derrota en el Estado de M\u00e9xico, Alejandra del Moral ha retomado sus actividades pol\u00edticas. Con la mira puesta en el Congreso de la Uni\u00f3n y un envidiable capital pol\u00edtico \u2014obtuvo 2.5 millones de votos el pasado 6 de junio\u2014 ha decidido reafirmar su aval al Frente Amplio por M\u00e9xico\u2026 aunque tal postura implicar\u00eda una separaci\u00f3n tajante a la l\u00ednea trazada por Alfredo del Mazo.<\/p>\n\n\n\n<p class=\"wp-block-paragraph\">Del Moral no acompa\u00f1\u00f3 a su jefe, el gobernador saliente, en la presentaci\u00f3n de su \u00faltimo informe de gobierno, el pasado lunes 3. En cambio, atendi\u00f3 la convocatoria de Alito Moreno y junto con exgobernadores, l\u00edderes de los sectores y parlamentarios, particip\u00f3 en un di\u00e1logo con X\u00f3chitl G\u00e1lvez en la sede nacional del PRI.<\/p>\n\n\n\n<p class=\"wp-block-paragraph\">Aunque un sector del priismo mexiquense cree que form\u00f3 parte de la negociaci\u00f3n para entregar el poder a la morenista Delfina G\u00f3mez, entre la c\u00fapula aliancista no le guardan resentimiento. Con Del Mazo, en cambio, la lista de agravios se agrand\u00f3, con la entrega del control del Congreso mexiquense a la mayor\u00eda morenista.<\/p>\n\n\n\n<p class=\"wp-block-paragraph\">La transmisi\u00f3n del Poder Ejecutivo en el Estado de M\u00e9xico ser\u00e1 tersa. Justo despu\u00e9s de que el presidente, Andr\u00e9s Manuel L\u00f3pez Obrador, acudiera a la presentaci\u00f3n del \u00faltimo informe del gobernador saliente, Alfredo del Mazo, los 75 diputados locales definieron la composici\u00f3n de la directiva que conducir\u00e1 los trabajos del \u00faltimo a\u00f1o de la Legislatura.<\/p>\n\n\n\n<p class=\"wp-block-paragraph\">Hace dos a\u00f1os, los l\u00edderes parlamentarios acordaron alternarse en la conducci\u00f3n de la mesa de debates y dejar la Presidencia de la Junta de Coordinaci\u00f3n Pol\u00edtica al morenista Maurilio Hern\u00e1ndez. El primer tramo de la Legislatura quedar\u00eda bajo la conducci\u00f3n del bloque mayoritario; el a\u00f1o y medio restante, lo compartir\u00edan los representantes de la coalici\u00f3n Va por el Estado de M\u00e9xico. Desde enero de este a\u00f1o, el priista Enrique Jacob Rocha ocup\u00f3 la Presidencia de la Mesa Directiva y deb\u00eda entregar la estafeta, al arranque del periodo ordinario de sesiones, al panista Enrique Vargas del Villar.<\/p>\n\n\n\n<p class=\"wp-block-paragraph\">Del Mazo ya no quiso cumplir con ese compromiso. Su intenci\u00f3n era que el coordinador de la bancada tricolor, El\u00edas Rescala, presidiera la sesi\u00f3n en la que Delfina rendir\u00e1 protesta, pero la petici\u00f3n para que el Poder Legislativo tambi\u00e9n quedara en manos de Morena fue comedida, pero inapelable. Cisneros, exvocera de Delfina G\u00f3mez y legisladora por Ecatepec, adelant\u00f3 que esta Legislatura contribuir\u00e1 a cimentar la transformaci\u00f3n en el Estado de M\u00e9xico y sustentar \u201cun futuro sin corrupci\u00f3n, sin pobreza, con transparencia y con respeto a los derechos humanos\u201d.<\/p>\n\n\n\n<p class=\"wp-block-paragraph\">Del Mazo y Delfina recibir\u00e1n al presidente L\u00f3pez Obrador el jueves 14 de septiembre y lo acompa\u00f1ar\u00e1n en el viaje inaugural del Tren Interurbano M\u00e9xico-Toluca. Por la tarde rendir\u00e1 protesta la primera gobernadora en la historia del Estado de M\u00e9xico, pero entrar\u00e1 en funciones hasta el s\u00e1bado 16. El d\u00eda anterior, ser\u00e1 la invitada de honor en Palacio Nacional, mientras el priista concluye su sexenio con la ceremonia oficial del Grito de Independencia.<\/p>\n\n\n\n<p class=\"wp-block-paragraph\">Del Moral, quien es diputada al Congreso mexiquense, tramit\u00f3 una licencia cuando busc\u00f3 la nominaci\u00f3n a la gubernatura. Y si bien un amplio sector de las estructuras priistas esperaba su reincorporaci\u00f3n, ha decidido deslindarse del delmacismo. Ahora, con su acercamiento al CEN priista, parece asegurar una candidatura para el 2024\u2026 y fortalecer su posici\u00f3n, para erigirse en la nueva lideresa del Frente en la mexiquense.<\/p>\n\n\n\n<p class=\"wp-block-paragraph\">Fuente: eleconomista<\/p>\n","protected":false},"excerpt":{"rendered":"<p>Tres meses despu\u00e9s de su derrota en el Estado de M\u00e9xico, Alejandra del Moral ha retomado sus actividades pol\u00edticas. Con la mira puesta en el Congreso de la Uni\u00f3n y un envidiable capital pol\u00edtico \u2014obtuvo 2.5 millones de votos el pasado 6 de junio\u2014 ha decidido reafirmar su aval al Frente Amplio por M\u00e9xico\u2026 aunque [&hellip;]<\/p>\n","protected":false},"author":2,"featured_media":121893,"comment_status":"open","ping_status":"open","sticky":false,"template":"","format":"standard","meta":{"footnotes":""},"categories":[62],"tags":[],"class_list":["post-121892","post","type-post","status-publish","format-standard","has-post-thumbnail","hentry","category-opinion"],"_links":{"self":[{"href":"http:\/\/elcuartopoder.com.mx\/nw\/wp-json\/wp\/v2\/posts\/121892","targetHints":{"allow":["GET"]}}],"collection":[{"href":"http:\/\/elcuartopoder.com.mx\/nw\/wp-json\/wp\/v2\/posts"}],"about":[{"href":"http:\/\/elcuartopoder.com.mx\/nw\/wp-json\/wp\/v2\/types\/post"}],"author":[{"embeddable":true,"href":"http:\/\/elcuartopoder.com.mx\/nw\/wp-json\/wp\/v2\/users\/2"}],"replies":[{"embeddable":true,"href":"http:\/\/elcuartopoder.com.mx\/nw\/wp-json\/wp\/v2\/comments?post=121892"}],"version-history":[{"count":1,"href":"http:\/\/elcuartopoder.com.mx\/nw\/wp-json\/wp\/v2\/posts\/121892\/revisions"}],"predecessor-version":[{"id":121894,"href":"http:\/\/elcuartopoder.com.mx\/nw\/wp-json\/wp\/v2\/posts\/121892\/revisions\/121894"}],"wp:featuredmedia":[{"embeddable":true,"href":"http:\/\/elcuartopoder.com.mx\/nw\/wp-json\/wp\/v2\/media\/121893"}],"wp:attachment":[{"href":"http:\/\/elcuartopoder.com.mx\/nw\/wp-json\/wp\/v2\/media?parent=121892"}],"wp:term":[{"taxonomy":"category","embeddable":true,"href":"http:\/\/elcuartopoder.com.mx\/nw\/wp-json\/wp\/v2\/categories?post=121892"},{"taxonomy":"post_tag","embeddable":true,"href":"http:\/\/elcuartopoder.com.mx\/nw\/wp-json\/wp\/v2\/tags?post=121892"}],"curies":[{"name":"wp","href":"https:\/\/api.w.org\/{rel}","templated":true}]}}