{"id":121901,"date":"2023-09-12T10:15:39","date_gmt":"2023-09-12T15:15:39","guid":{"rendered":"http:\/\/elcuartopoder.com.mx\/nw\/?p=121901"},"modified":"2023-09-12T10:15:43","modified_gmt":"2023-09-12T15:15:43","slug":"amlo-expropia-terrenos-para-el-tren-maya-en-chetumal-y-felipe-carrillo-puerto","status":"publish","type":"post","link":"http:\/\/elcuartopoder.com.mx\/nw\/municipales\/amlo-expropia-terrenos-para-el-tren-maya-en-chetumal-y-felipe-carrillo-puerto\/","title":{"rendered":"AMLO expropia terrenos para el Tren Maya en Chetumal y Felipe Carrillo Puerto"},"content":{"rendered":"\n<p class=\"wp-block-paragraph\">A tres meses de que se inaugure el&nbsp;<strong>Tren Maya<\/strong>, el Gobierno federal sigue expropiando terrenos para la obra a favor de&nbsp;<strong>Fonatur<\/strong>, en el Estado de Quintana Roo.<\/p>\n\n\n\n<p class=\"wp-block-paragraph\">Este lunes, el mandatario federal public\u00f3 cuatro decretos de expropiaci\u00f3n m\u00e1s, por causa de utilidad p\u00fablica, que&nbsp;<strong>involucran a m\u00e1s de 300 hect\u00e1reas<\/strong>.<\/p>\n\n\n\n<p class=\"wp-block-paragraph\">Los terrenos expropiados se localizan en los&nbsp;<strong>Municipios de Oth\u00f3n P. Blanco y Felipe Carrillo Puerto<\/strong>, por donde pasa uno de los \u00faltimos tramos del Tren Maya.<\/p>\n\n\n\n<p class=\"wp-block-paragraph\">Uno de los decretos expropia -por causa de utilidad p\u00fablica- la superficie de 62 hect\u00e1reas, 79 \u00e1reas y 13 centi\u00e1reas del ejido\u00a0<strong>Ramonal R\u00edo Hondo<\/strong>, en Oth\u00f3n P. Blanco.<\/p>\n\n\n\n<p class=\"wp-block-paragraph\">Otro decreto es por 14-23-20, respectivamente, del\u00a0<strong>ejido Allende<\/strong>, Municipio de Oth\u00f3n P. Blanco; el tercero es por 06-52-84 en el\u00a0<strong>ejido Tres Reyes<\/strong>, Municipio de Felipe Carrillo Puerto, y el \u00faltimo es por 254-27-80 del\u00a0<strong>ejido Chunyaxch\u00e9<\/strong>\u00a0y Anexos, tambi\u00e9n en Felipe Carrillo Puerto.<\/p>\n\n\n\n<figure class=\"wp-block-image size-full\"><img loading=\"lazy\" decoding=\"async\" width=\"580\" height=\"387\" src=\"http:\/\/elcuartopoder.com.mx\/nw\/wp-content\/uploads\/2023\/09\/1694441105005.jpeg\" alt=\"\" class=\"wp-image-121902\" srcset=\"http:\/\/elcuartopoder.com.mx\/nw\/wp-content\/uploads\/2023\/09\/1694441105005.jpeg 580w, http:\/\/elcuartopoder.com.mx\/nw\/wp-content\/uploads\/2023\/09\/1694441105005-300x200.jpeg 300w\" sizes=\"auto, (max-width: 580px) 100vw, 580px\" \/><\/figure>\n\n\n\n<p class=\"wp-block-paragraph\">En todos los casos, los decretos especifican que los terrenos expropiados se destinar\u00e1n a la construcci\u00f3n de obras de&nbsp;<strong>infraestructura ferroviaria y operaci\u00f3n del Proyecto Tren Maya<\/strong>.<\/p>\n\n\n\n<p class=\"wp-block-paragraph\">Queda a cargo de Fonatur Tren Maya pagar, por concepto de indemnizaci\u00f3n por la superficie que se expropia, la cantidad se\u00f1alada en el avalu\u00f3 emitido por el Instituto de Administraci\u00f3n y Aval\u00faos de Bienes Nacionales.<\/p>\n","protected":false},"excerpt":{"rendered":"<p>A tres meses de que se inaugure el&nbsp;Tren Maya, el Gobierno federal sigue expropiando terrenos para la obra a favor de&nbsp;Fonatur, en el Estado de Quintana Roo. Este lunes, el mandatario federal public\u00f3 cuatro decretos de expropiaci\u00f3n m\u00e1s, por causa de utilidad p\u00fablica, que&nbsp;involucran a m\u00e1s de 300 hect\u00e1reas. Los terrenos expropiados se localizan en [&hellip;]<\/p>\n","protected":false},"author":2,"featured_media":121903,"comment_status":"open","ping_status":"open","sticky":false,"template":"","format":"standard","meta":{"footnotes":""},"categories":[6],"tags":[],"class_list":["post-121901","post","type-post","status-publish","format-standard","has-post-thumbnail","hentry","category-municipales"],"_links":{"self":[{"href":"http:\/\/elcuartopoder.com.mx\/nw\/wp-json\/wp\/v2\/posts\/121901","targetHints":{"allow":["GET"]}}],"collection":[{"href":"http:\/\/elcuartopoder.com.mx\/nw\/wp-json\/wp\/v2\/posts"}],"about":[{"href":"http:\/\/elcuartopoder.com.mx\/nw\/wp-json\/wp\/v2\/types\/post"}],"author":[{"embeddable":true,"href":"http:\/\/elcuartopoder.com.mx\/nw\/wp-json\/wp\/v2\/users\/2"}],"replies":[{"embeddable":true,"href":"http:\/\/elcuartopoder.com.mx\/nw\/wp-json\/wp\/v2\/comments?post=121901"}],"version-history":[{"count":1,"href":"http:\/\/elcuartopoder.com.mx\/nw\/wp-json\/wp\/v2\/posts\/121901\/revisions"}],"predecessor-version":[{"id":121904,"href":"http:\/\/elcuartopoder.com.mx\/nw\/wp-json\/wp\/v2\/posts\/121901\/revisions\/121904"}],"wp:featuredmedia":[{"embeddable":true,"href":"http:\/\/elcuartopoder.com.mx\/nw\/wp-json\/wp\/v2\/media\/121903"}],"wp:attachment":[{"href":"http:\/\/elcuartopoder.com.mx\/nw\/wp-json\/wp\/v2\/media?parent=121901"}],"wp:term":[{"taxonomy":"category","embeddable":true,"href":"http:\/\/elcuartopoder.com.mx\/nw\/wp-json\/wp\/v2\/categories?post=121901"},{"taxonomy":"post_tag","embeddable":true,"href":"http:\/\/elcuartopoder.com.mx\/nw\/wp-json\/wp\/v2\/tags?post=121901"}],"curies":[{"name":"wp","href":"https:\/\/api.w.org\/{rel}","templated":true}]}}