{"id":121914,"date":"2023-09-12T12:32:13","date_gmt":"2023-09-12T17:32:13","guid":{"rendered":"http:\/\/elcuartopoder.com.mx\/nw\/?p=121914"},"modified":"2023-09-12T12:32:16","modified_gmt":"2023-09-12T17:32:16","slug":"lideran-ninos-entre-12-y-17-anos-indice-de-casos-de-abandono-en-cancun","status":"publish","type":"post","link":"http:\/\/elcuartopoder.com.mx\/nw\/municipales\/lideran-ninos-entre-12-y-17-anos-indice-de-casos-de-abandono-en-cancun\/","title":{"rendered":"Lideran ni\u00f1os entre 12 y 17 a\u00f1os \u00edndice de casos de abandono en Canc\u00fan"},"content":{"rendered":"\n<p class=\"wp-block-paragraph\"><strong>CANC\u00daN, MX.-<\/strong>\u00a0Los ni\u00f1os entre 12 y 17 a\u00f1os lideran actualmente el \u00edndice de casos de abandono en Canc\u00fan, revel\u00f3 esta tarde Marisol Sendo Rodr\u00edguez, directora del DIF de Benito Ju\u00e1rez, al detallar que los menores de ese rango de edad representan casi el 50 por ciento de los 130 que alberga la Casa de Asistencia Temporal (CAT).En entrevista, la funcionaria municipal indic\u00f3 que la mayor\u00eda de estos menores abandonados son ni\u00f1as, quienes adem\u00e1s sufrieron experiencias de maltrato y abuso sexual, en su entorno familiar.De igual forma, la directora DIF Benito Ju\u00e1rez indic\u00f3 que, en la actualidad, la CAT cuenta con un aproximado de 20 beb\u00e9s, de los cuales uno fue dejado recientemente en el Hospital General.La entrevistada explic\u00f3 que los beb\u00e9s permanecen aproximadamente un a\u00f1o en la CAT y luego son enviados al DIF Estatal, en Chetumal, para que pueda ser puestos en adopci\u00f3n.\u201cLuego del primer a\u00f1o, inmediatamente se empieza a ser toda la documentaci\u00f3n que se manda a Chetumal, podemos ir nosotros adelantando con la documentaci\u00f3n, se manda todo su paquete de expediente y ya cuando Chetumal nos dice \u2018ahora s\u00ed m\u00e1ndamelo\u2019, se env\u00eda. Tratamos que de que sea los m\u00e1s \u00e1gil, para que \u00e9l o ella tengan m\u00e1s oportunidades de ser adoptados\u201d, detall\u00f3.Por \u00faltimo, la funcionaria abund\u00f3 que la CAT cuenta con un total de 130 menores alojados, de los cuales 64 son adolescentes, 51 mujeres y 13 hombres, de entre 12 y 17 a\u00f1os.Agreg\u00f3 que tambi\u00e9n hay 22 menores de 8 a 11 a\u00f1os de edad; 18 de los 4 a los 7 a\u00f1os, y 26 beb\u00e9s, de los 0 a los 3 a\u00f1os de edad.<strong>\u00a0<\/strong><\/p>\n\n\n\n<p class=\"wp-block-paragraph\"><strong>(Agencia SIM)<\/strong><\/p>\n","protected":false},"excerpt":{"rendered":"<p>CANC\u00daN, MX.-\u00a0Los ni\u00f1os entre 12 y 17 a\u00f1os lideran actualmente el \u00edndice de casos de abandono en Canc\u00fan, revel\u00f3 esta tarde Marisol Sendo Rodr\u00edguez, directora del DIF de Benito Ju\u00e1rez, al detallar que los menores de ese rango de edad representan casi el 50 por ciento de los 130 que alberga la Casa de Asistencia [&hellip;]<\/p>\n","protected":false},"author":2,"featured_media":121915,"comment_status":"open","ping_status":"open","sticky":false,"template":"","format":"standard","meta":{"footnotes":""},"categories":[6],"tags":[],"class_list":["post-121914","post","type-post","status-publish","format-standard","has-post-thumbnail","hentry","category-municipales"],"_links":{"self":[{"href":"http:\/\/elcuartopoder.com.mx\/nw\/wp-json\/wp\/v2\/posts\/121914","targetHints":{"allow":["GET"]}}],"collection":[{"href":"http:\/\/elcuartopoder.com.mx\/nw\/wp-json\/wp\/v2\/posts"}],"about":[{"href":"http:\/\/elcuartopoder.com.mx\/nw\/wp-json\/wp\/v2\/types\/post"}],"author":[{"embeddable":true,"href":"http:\/\/elcuartopoder.com.mx\/nw\/wp-json\/wp\/v2\/users\/2"}],"replies":[{"embeddable":true,"href":"http:\/\/elcuartopoder.com.mx\/nw\/wp-json\/wp\/v2\/comments?post=121914"}],"version-history":[{"count":1,"href":"http:\/\/elcuartopoder.com.mx\/nw\/wp-json\/wp\/v2\/posts\/121914\/revisions"}],"predecessor-version":[{"id":121916,"href":"http:\/\/elcuartopoder.com.mx\/nw\/wp-json\/wp\/v2\/posts\/121914\/revisions\/121916"}],"wp:featuredmedia":[{"embeddable":true,"href":"http:\/\/elcuartopoder.com.mx\/nw\/wp-json\/wp\/v2\/media\/121915"}],"wp:attachment":[{"href":"http:\/\/elcuartopoder.com.mx\/nw\/wp-json\/wp\/v2\/media?parent=121914"}],"wp:term":[{"taxonomy":"category","embeddable":true,"href":"http:\/\/elcuartopoder.com.mx\/nw\/wp-json\/wp\/v2\/categories?post=121914"},{"taxonomy":"post_tag","embeddable":true,"href":"http:\/\/elcuartopoder.com.mx\/nw\/wp-json\/wp\/v2\/tags?post=121914"}],"curies":[{"name":"wp","href":"https:\/\/api.w.org\/{rel}","templated":true}]}}