{"id":121931,"date":"2023-09-13T11:10:25","date_gmt":"2023-09-13T16:10:25","guid":{"rendered":"http:\/\/elcuartopoder.com.mx\/nw\/?p=121931"},"modified":"2023-09-13T11:10:28","modified_gmt":"2023-09-13T16:10:28","slug":"cuentan-con-reforma-contra-derecho-de-piso-para-disminuir-el-delito-en-cancun","status":"publish","type":"post","link":"http:\/\/elcuartopoder.com.mx\/nw\/economia\/cuentan-con-reforma-contra-derecho-de-piso-para-disminuir-el-delito-en-cancun\/","title":{"rendered":"Cuentan con reforma contra \u2018derecho de piso\u2019 para disminuir el delito en Canc\u00fan"},"content":{"rendered":"\n<p>El&nbsp;<strong>Consejo Coordinador Empresarial del Caribe<\/strong>&nbsp;(CCE) confi\u00f3 que con una reforma al C\u00f3digo Penal de Quintana Roo para penalizar el cobro de \u201cderecho de piso\u201d incentive la denuncia contra este delito en el estado y disminuyan los casos que cada vez m\u00e1s se registran en el d\u00eda a d\u00eda.<\/p>\n\n\n\n<p>Eduardo Mart\u00ednez Gonz\u00e1lez, presidente del organismo, coment\u00f3 que&nbsp;<strong>este tipo de delitos afecta a su gremio<\/strong>, incluso al grado de ocasionar cierre de algunos de negocios.<\/p>\n\n\n\n<blockquote class=\"wp-block-quote is-layout-flow wp-block-quote-is-layout-flow\"><p>\u201cYo espero que, con esta aprobaci\u00f3n, publicaci\u00f3n e implementaci\u00f3n de esa reforma, pues se incentive a que haya m\u00e1s denuncias y obviamente, pues es un proceso en donde la gente va empap\u00e1ndose y vaya agarrando valor para eso\u201d.<\/p><\/blockquote>\n\n\n\n<p>Reconoci\u00f3 que hay miedo en el sector empresarial de denunciar, por el miedo a las represalias de los delincuentes, considerando que, con la aprobaci\u00f3n un\u00e1nime de esta reforma, combinados con los esfuerzos del gobierno estatal para reforzar la seguridad, esta problem\u00e1tica pueda cambiar y se generen las denuncias contra este tipo de extorsiones.<a href=\"https:\/\/images.sipse.com\/9olS18gJFVRnYb0pGJz-Er_sGVU=\/fit-in\/900x500\/2023\/09\/12\/1694558448414.jpg\"><\/a>Cuentan con reforma contra \u2018derecho de piso\u2019 para disminuir el delito en Canc\u00fan \/ (Foto: Edgar Balam)<\/p>\n\n\n\n<p>El entrevistado coment\u00f3 que, si bien no tiene una estad\u00edstica al respecto, reconoci\u00f3 que&nbsp;<strong>hay casos que son conocidos&nbsp;<\/strong>y que incluso ha ocasionado&nbsp;<strong>algunos cierres de negocios.<\/strong><\/p>\n\n\n\n<blockquote class=\"wp-block-quote is-layout-flow wp-block-quote-is-layout-flow\"><p>\u201cEs c\u00e1ncer, es un crimen que menoscaba a cualquier sector productivo, de todos los niveles. No puede ser que alguien que toma todos los riesgos de abrir cualquier negocio peque\u00f1o, mediano y grande, tenga que pasar y lidiar con el crimen organizado; entonces, este tipo de reformas facilitan y le dan herramientas a la Fiscal\u00eda para poder actuar\u201d.<\/p><\/blockquote>\n\n\n\n<p>Mart\u00ednez Gonz\u00e1lez confi\u00f3 en que esta reforma pueda brindar a las empresas y trabajadores la certidumbre necesaria para trabajar con&nbsp;<strong>tranquilidad y confianza<\/strong>.<\/p>\n\n\n\n<blockquote class=\"wp-block-quote is-layout-flow wp-block-quote-is-layout-flow\"><p>\u201cSi ya el riesgo de abrir un negocio tener un negocio es dif\u00edcil pagar la n\u00f3mina, es dif\u00edcil este y si ahora resulta que el crimen organizado hay que lidiar con \u00e9l, pues como que no hay ning\u00fan negocio que aguante\u201d.<\/p><\/blockquote>\n\n\n\n<p>Hay que recordar, que el Congreso del Estado aprob\u00f3 una serie de reformas al C\u00f3digo Penal del Estado de Quintana Roo, propuestas por el&nbsp;<strong>diputado Hugo Alday Nieto<\/strong>, en las que se introduce como nueva agravante al delito de extorsi\u00f3n, cuando se realiza un cobro ilegal de cuotas de cualquier \u00edndole, ya sea a trav\u00e9s de dinero o bienes, de forma continua o permanente.<\/p>\n\n\n\n<p>Tambi\u00e9n se establecen otras dos agravantes, entre ellas cuando la v\u00edctima o un tercero cumple con las demandas del extorsionador y cuando el extorsionador est\u00e1 armado o parece ser peligroso.<\/p>\n\n\n\n<p>A este delito, el cual cambi\u00f3 de bien jur\u00eddico tutelado de \u201cpatrimonial\u201d a \u201ccontra la libertad y seguridad de las personas\u201d.<\/p>\n\n\n\n<p>Fuente: SIPSE<\/p>\n","protected":false},"excerpt":{"rendered":"<p>El&nbsp;Consejo Coordinador Empresarial del Caribe&nbsp;(CCE) confi\u00f3 que con una reforma al C\u00f3digo Penal de Quintana Roo para penalizar el cobro de \u201cderecho de piso\u201d incentive la denuncia contra este delito en el estado y disminuyan los casos que cada vez m\u00e1s se registran en el d\u00eda a d\u00eda. Eduardo Mart\u00ednez Gonz\u00e1lez, presidente del organismo, coment\u00f3 [&hellip;]<\/p>\n","protected":false},"author":2,"featured_media":121932,"comment_status":"open","ping_status":"open","sticky":false,"template":"","format":"standard","meta":{"footnotes":""},"categories":[1],"tags":[],"class_list":["post-121931","post","type-post","status-publish","format-standard","has-post-thumbnail","hentry","category-economia"],"_links":{"self":[{"href":"http:\/\/elcuartopoder.com.mx\/nw\/wp-json\/wp\/v2\/posts\/121931","targetHints":{"allow":["GET"]}}],"collection":[{"href":"http:\/\/elcuartopoder.com.mx\/nw\/wp-json\/wp\/v2\/posts"}],"about":[{"href":"http:\/\/elcuartopoder.com.mx\/nw\/wp-json\/wp\/v2\/types\/post"}],"author":[{"embeddable":true,"href":"http:\/\/elcuartopoder.com.mx\/nw\/wp-json\/wp\/v2\/users\/2"}],"replies":[{"embeddable":true,"href":"http:\/\/elcuartopoder.com.mx\/nw\/wp-json\/wp\/v2\/comments?post=121931"}],"version-history":[{"count":1,"href":"http:\/\/elcuartopoder.com.mx\/nw\/wp-json\/wp\/v2\/posts\/121931\/revisions"}],"predecessor-version":[{"id":121933,"href":"http:\/\/elcuartopoder.com.mx\/nw\/wp-json\/wp\/v2\/posts\/121931\/revisions\/121933"}],"wp:featuredmedia":[{"embeddable":true,"href":"http:\/\/elcuartopoder.com.mx\/nw\/wp-json\/wp\/v2\/media\/121932"}],"wp:attachment":[{"href":"http:\/\/elcuartopoder.com.mx\/nw\/wp-json\/wp\/v2\/media?parent=121931"}],"wp:term":[{"taxonomy":"category","embeddable":true,"href":"http:\/\/elcuartopoder.com.mx\/nw\/wp-json\/wp\/v2\/categories?post=121931"},{"taxonomy":"post_tag","embeddable":true,"href":"http:\/\/elcuartopoder.com.mx\/nw\/wp-json\/wp\/v2\/tags?post=121931"}],"curies":[{"name":"wp","href":"https:\/\/api.w.org\/{rel}","templated":true}]}}