{"id":121937,"date":"2023-09-13T11:18:27","date_gmt":"2023-09-13T16:18:27","guid":{"rendered":"http:\/\/elcuartopoder.com.mx\/nw\/?p=121937"},"modified":"2023-09-13T11:18:29","modified_gmt":"2023-09-13T16:18:29","slug":"kate-middleton-estrena-un-rejuvenecedor-cambio-de-look","status":"publish","type":"post","link":"http:\/\/elcuartopoder.com.mx\/nw\/entretenimiento\/espectaculos\/kate-middleton-estrena-un-rejuvenecedor-cambio-de-look\/","title":{"rendered":"Kate Middleton estrena un rejuvenecedor cambio de look"},"content":{"rendered":"\n<p>El final del verano es uno de los momentos m\u00e1s oportunos para realizarse un cambio de look, y de paso renovar la melena que suele sufrir mucho durante los meses de calor. La primera famosa que se ha apuntado a estrenar corte de pelo esta temporada es Kate Middleton. La princesa de Gales, que ha acudido hoy a un acto ben\u00e9fico en la prisi\u00f3n brit\u00e1nica de HMP High Down, ha sorprendido con un sutil pero favorecedor cambio de look.<\/p>\n\n\n\n<p>Kate Middleton ha lucido una melena de una longitud similar, pero con m\u00e1s\u00a0<strong>capas en la zona delantera<\/strong>. Adem\u00e1s, ha a\u00f1adido un\u00a0<strong>flequillo largo y abierto<\/strong>, tipo cortina, un complemento que rejuvenece y que resulta perfecto para renovar una melena larga sin tener que cortarla. La principal ventaja de este\u00a0flequillo, adem\u00e1s de que es tendencia este oto\u00f1o, es que se puede integrar f\u00e1cilmente con el resto del pelo, lo que permite, de forma r\u00e1pida y sencilla llevarlo o esconderlo (con unas horquillas, o con un producto fijador).<\/p>\n\n\n\n<figure class=\"wp-block-image\"><img decoding=\"async\" src=\"https:\/\/s2.abcstatics.com\/abc\/www\/multimedia\/estilo\/2023\/09\/12\/kate-middleton-corte-pelo-U07750273375MKj-624x350@abc.jpg\" alt=\"La princesa de Gales renueva su melena, con un peinado a\u00f1os 70.\"\/><figcaption>La princesa de Gales renueva su melena, con un peinado a\u00f1os 70.&nbsp;GTRES<\/figcaption><\/figure>\n\n\n\n<p>La esposa del heredero al trono brit\u00e1nico ha lucido su&nbsp;<strong>melena suelta con ondas marcadas y con raya en el medio<\/strong>, un peinado a\u00f1os 70 que le favorece mucho. Adem\u00e1s, este peinado permite apreciar mejor su nuevo color de pelo. La princesa ha a\u00f1adido&nbsp;<strong>reflejos rubios<\/strong>&nbsp;a su cl\u00e1sico tono, un casta\u00f1o oscuro.<\/p>\n\n\n\n<figure class=\"wp-block-image\"><img decoding=\"async\" src=\"https:\/\/s2.abcstatics.com\/abc\/www\/multimedia\/estilo\/2023\/09\/12\/kate-middleton-cambio-look2-U60646283880WhR-624x350@abc.jpg\" alt=\"El estilo de Kate Middleton para su visita a una famosa prisi\u00f3n de Reino Unido.\"\/><figcaption>El estilo de Kate Middleton para su visita a una famosa prisi\u00f3n de Reino Unido.&nbsp;GTRES<\/figcaption><\/figure>\n\n\n\n<p>Con estos peque\u00f1os cambios,\u00a0Kate Middleton\u00a0ha conseguido darle una vuelta a su imagen, rejuveneci\u00e9ndola y aport\u00e1ndole frescura. Otro detalle que tampoco ha pasado desapercibido es el espesor de su melena. Aunque Kate Middleton ya ha superado los 40 (en enero pasado cumpli\u00f3 41), muestra un cabello denso, que podr\u00eda ser fruto de las\u00a0<strong>extensiones<\/strong>.<\/p>\n\n\n\n<p>Al igual que la\u00a0<strong>Reina Letizia<\/strong>, la princesa de Gales presume de una melena brillante y bonita que ahora ha renovado con sutiles pero favorecedores cambios. Por lo dem\u00e1s, en la cita de hoy, ha elegido un traje de pantal\u00f3n y blazer de color azul de Alexander McQueen, que ha combinado con una camiseta blanca b\u00e1sica y con stilettos en azul marino.<\/p>\n","protected":false},"excerpt":{"rendered":"<p>El final del verano es uno de los momentos m\u00e1s oportunos para realizarse un cambio de look, y de paso renovar la melena que suele sufrir mucho durante los meses de calor. La primera famosa que se ha apuntado a estrenar corte de pelo esta temporada es Kate Middleton. La princesa de Gales, que ha [&hellip;]<\/p>\n","protected":false},"author":2,"featured_media":121938,"comment_status":"open","ping_status":"open","sticky":false,"template":"","format":"standard","meta":{"footnotes":""},"categories":[11],"tags":[],"class_list":["post-121937","post","type-post","status-publish","format-standard","has-post-thumbnail","hentry","category-espectaculos"],"_links":{"self":[{"href":"http:\/\/elcuartopoder.com.mx\/nw\/wp-json\/wp\/v2\/posts\/121937","targetHints":{"allow":["GET"]}}],"collection":[{"href":"http:\/\/elcuartopoder.com.mx\/nw\/wp-json\/wp\/v2\/posts"}],"about":[{"href":"http:\/\/elcuartopoder.com.mx\/nw\/wp-json\/wp\/v2\/types\/post"}],"author":[{"embeddable":true,"href":"http:\/\/elcuartopoder.com.mx\/nw\/wp-json\/wp\/v2\/users\/2"}],"replies":[{"embeddable":true,"href":"http:\/\/elcuartopoder.com.mx\/nw\/wp-json\/wp\/v2\/comments?post=121937"}],"version-history":[{"count":1,"href":"http:\/\/elcuartopoder.com.mx\/nw\/wp-json\/wp\/v2\/posts\/121937\/revisions"}],"predecessor-version":[{"id":121939,"href":"http:\/\/elcuartopoder.com.mx\/nw\/wp-json\/wp\/v2\/posts\/121937\/revisions\/121939"}],"wp:featuredmedia":[{"embeddable":true,"href":"http:\/\/elcuartopoder.com.mx\/nw\/wp-json\/wp\/v2\/media\/121938"}],"wp:attachment":[{"href":"http:\/\/elcuartopoder.com.mx\/nw\/wp-json\/wp\/v2\/media?parent=121937"}],"wp:term":[{"taxonomy":"category","embeddable":true,"href":"http:\/\/elcuartopoder.com.mx\/nw\/wp-json\/wp\/v2\/categories?post=121937"},{"taxonomy":"post_tag","embeddable":true,"href":"http:\/\/elcuartopoder.com.mx\/nw\/wp-json\/wp\/v2\/tags?post=121937"}],"curies":[{"name":"wp","href":"https:\/\/api.w.org\/{rel}","templated":true}]}}